{"id":3275,"date":"2018-08-11T10:32:03","date_gmt":"2018-08-11T08:32:03","guid":{"rendered":"http:\/\/www.mbnp.archidiecezja.wroc.pl\/?p=3275"},"modified":"2024-05-04T02:07:00","modified_gmt":"2024-05-04T00:07:00","slug":"sierpien-miesiacem-trzezwosci-narodu","status":"publish","type":"post","link":"http:\/\/www.mbnp.archidiecezja.wroc.pl\/?p=3275","title":{"rendered":"Sierpie\u0144 miesi\u0105cem trze\u017awo\u015bci Narodu"},"content":{"rendered":"<p><a href=\"http:\/\/www.mbnp.archidiecezja.wroc.pl\/wp-content\/uploads\/2018\/08\/Abstynencja.jpg\" rel=\"lightbox[3275]\"><img decoding=\"async\" loading=\"lazy\" class=\"size-medium wp-image-3276 alignleft\" src=\"http:\/\/www.mbnp.archidiecezja.wroc.pl\/wp-content\/uploads\/2018\/08\/Abstynencja-247x300.jpg\" alt=\"Abstynencja\" width=\"247\" height=\"300\" srcset=\"http:\/\/www.mbnp.archidiecezja.wroc.pl\/wp-content\/uploads\/2018\/08\/Abstynencja-247x300.jpg 247w, http:\/\/www.mbnp.archidiecezja.wroc.pl\/wp-content\/uploads\/2018\/08\/Abstynencja-842x1024.jpg 842w, http:\/\/www.mbnp.archidiecezja.wroc.pl\/wp-content\/uploads\/2018\/08\/Abstynencja.jpg 877w\" sizes=\"(max-width: 247px) 100vw, 247px\" \/><\/a><strong>Co roku jeste\u015bmy zach\u0119cani przez swoich Pasterzy do prze\u017cycia sierpnia bez<\/strong><strong> alkoholu.<\/strong> Nie inaczej jest i w tym roku. Episkopat Polski skierowa\u0142 do nas, wiernych Ko\u015bcio\u0142a Katolickiego, zaproszenie do abstynencji zach\u0119caj\u0105c, aby ch\u0119tni przed\u0142u\u017cyli swoje wyrzeczenie a\u017c do 100 rocznicy Odzyskania Niepodleg\u0142o\u015bci. W apelu tym Biskupi przypomnieli jak wiele szk\u00f3d w \u017cyciu osobistym, rodzinnym i spo\u0142ecznym wyrz\u0105dza alkohol i kultura jego spo\u017cywania. \u201e<strong><em>W domach, w kt\u00f3rych rodzice pij\u0105 nadmiernie alkohol, cz\u0119sto nie wystarcza pieni\u0119dzy na zaspokojenie podstawowych potrzeb, w tym na zakup chleba\u201d<\/em><\/strong>. Biskupi przypomnieli r\u00f3wnie\u017c, \u017ce wielu bohater\u00f3w walcz\u0105cych o wolno\u015b\u0107 Polski zdawa\u0142o sobie spraw\u0119, \u017ce troska o trze\u017awo\u015b\u0107 Polak\u00f3w jest fundamentem walki o niepodleg\u0142o\u015b\u0107.<\/p>\n<p>Podejmuj\u0105c my\u015bl naszych Pasterzy, zach\u0119camy naszych Parafian do podj\u0119cia abstynencji na dowolny okres i w dowolnej intencji. Tradycyjnie ju\u017c w naszej \u015bwi\u0105tyni wy\u0142o\u017cona jest <strong>Ksi\u0119ga Zobowi\u0105za\u0144 Abstynenckich, <\/strong>gdzie mo\u017cna wpisa\u0107 swoja deklaracj\u0119.<\/p>\n","protected":false},"excerpt":{"rendered":"<p>Co roku jeste\u015bmy zach\u0119cani przez swoich Pasterzy do prze\u017cycia sierpnia bez alkoholu. Nie inaczej jest i w tym roku. Episkopat Polski skierowa\u0142 do nas, wiernych Ko\u015bcio\u0142a Katolickiego, zaproszenie do abstynencji &#8230;<\/p>\n","protected":false},"author":7,"featured_media":0,"comment_status":"closed","ping_status":"open","sticky":false,"template":"","format":"standard","meta":[],"categories":[10],"tags":[],"_links":{"self":[{"href":"http:\/\/www.mbnp.archidiecezja.wroc.pl\/index.php?rest_route=\/wp\/v2\/posts\/3275"}],"collection":[{"href":"http:\/\/www.mbnp.archidiecezja.wroc.pl\/index.php?rest_route=\/wp\/v2\/posts"}],"about":[{"href":"http:\/\/www.mbnp.archidiecezja.wroc.pl\/index.php?rest_route=\/wp\/v2\/types\/post"}],"author":[{"embeddable":true,"href":"http:\/\/www.mbnp.archidiecezja.wroc.pl\/index.php?rest_route=\/wp\/v2\/users\/7"}],"replies":[{"embeddable":true,"href":"http:\/\/www.mbnp.archidiecezja.wroc.pl\/index.php?rest_route=%2Fwp%2Fv2%2Fcomments&post=3275"}],"version-history":[{"count":1,"href":"http:\/\/www.mbnp.archidiecezja.wroc.pl\/index.php?rest_route=\/wp\/v2\/posts\/3275\/revisions"}],"predecessor-version":[{"id":3277,"href":"http:\/\/www.mbnp.archidiecezja.wroc.pl\/index.php?rest_route=\/wp\/v2\/posts\/3275\/revisions\/3277"}],"wp:attachment":[{"href":"http:\/\/www.mbnp.archidiecezja.wroc.pl\/index.php?rest_route=%2Fwp%2Fv2%2Fmedia&parent=3275"}],"wp:term":[{"taxonomy":"category","embeddable":true,"href":"http:\/\/www.mbnp.archidiecezja.wroc.pl\/index.php?rest_route=%2Fwp%2Fv2%2Fcategories&post=3275"},{"taxonomy":"post_tag","embeddable":true,"href":"http:\/\/www.mbnp.archidiecezja.wroc.pl\/index.php?rest_route=%2Fwp%2Fv2%2Ftags&post=3275"}],"curies":[{"name":"wp","href":"https:\/\/api.w.org\/{rel}","templated":true}]}}