{"id":3269,"date":"2018-08-05T17:28:55","date_gmt":"2018-08-05T15:28:55","guid":{"rendered":"http:\/\/www.mbnp.archidiecezja.wroc.pl\/?p=3269"},"modified":"2018-08-31T12:24:28","modified_gmt":"2018-08-31T10:24:28","slug":"duchowe-pielgrzymowanie-na-jasna-gore","status":"publish","type":"post","link":"http:\/\/www.mbnp.archidiecezja.wroc.pl\/?p=3269","title":{"rendered":"Duchowe Pielgrzymowanie na Jasn\u0105 G\u00f3r\u0119: 02- 10 sierpnia 2018r."},"content":{"rendered":"<p style=\"text-align: left;\"><div aria-live=\"polite\" id=\"soliloquy-container-14\" class=\"soliloquy-container soliloquy-transition-fade  soliloquy-theme-base\" style=\"max-width:1600px;max-height:400px;\"><ul id=\"soliloquy-14\" class=\"soliloquy-slider soliloquy-slides soliloquy-wrap soliloquy-clear\"><li aria-hidden=\"true\" class=\"soliloquy-item soliloquy-item-1 soliloquy-image-slide\" draggable=\"false\" style=\"list-style:none\"><img id=\"soliloquy-image-6402\" class=\"soliloquy-image soliloquy-image-1\" src=\"http:\/\/www.mbnp.archidiecezja.wroc.pl\/wp-content\/uploads\/2015\/11\/Msze-\u015bw.-1600x400_c.jpg\" alt=\"Msze \u015bw.\" \/><\/li><li aria-hidden=\"true\" class=\"soliloquy-item soliloquy-item-2 soliloquy-image-slide\" draggable=\"false\" style=\"list-style:none\"><img id=\"soliloquy-image-209\" class=\"soliloquy-image soliloquy-image-2\" src=\"http:\/\/www.mbnp.archidiecezja.wroc.pl\/wp-content\/uploads\/2015\/11\/708370-1600x400_c.jpg\" alt=\"708370\" \/><\/li><li aria-hidden=\"true\" class=\"soliloquy-item soliloquy-item-3 soliloquy-image-slide\" draggable=\"false\" style=\"list-style:none\"><img id=\"soliloquy-image-208\" class=\"soliloquy-image soliloquy-image-3\" src=\"http:\/\/www.mbnp.archidiecezja.wroc.pl\/wp-content\/uploads\/2015\/11\/32965215-11-1600x400_c.jpg\" alt=\"32965215 (1)\" \/><\/li><li aria-hidden=\"true\" class=\"soliloquy-item soliloquy-item-4 soliloquy-image-slide\" draggable=\"false\" style=\"list-style:none\"><img id=\"soliloquy-image-7908\" class=\"soliloquy-image soliloquy-image-4\" src=\"http:\/\/www.mbnp.archidiecezja.wroc.pl\/wp-content\/uploads\/2015\/11\/images-1600x400_c.jpg\" alt=\"images\" \/><\/li><\/ul><\/div><noscript><style type=\"text\/css\">#soliloquy-container-14{opacity:1}<\/style><\/noscript><div aria-live=\"polite\" id=\"soliloquy-container-14\" class=\"soliloquy-container soliloquy-transition-fade  soliloquy-theme-base\" style=\"max-width:1600px;max-height:400px;\"><ul id=\"soliloquy-14\" class=\"soliloquy-slider soliloquy-slides soliloquy-wrap soliloquy-clear\"><li aria-hidden=\"true\" class=\"soliloquy-item soliloquy-item-1 soliloquy-image-slide\" draggable=\"false\" style=\"list-style:none\"><img id=\"soliloquy-image-6402\" class=\"soliloquy-image soliloquy-image-1\" src=\"http:\/\/www.mbnp.archidiecezja.wroc.pl\/wp-content\/uploads\/2015\/11\/Msze-\u015bw.-1600x400_c.jpg\" alt=\"Msze \u015bw.\" \/><\/li><li aria-hidden=\"true\" class=\"soliloquy-item soliloquy-item-2 soliloquy-image-slide\" draggable=\"false\" style=\"list-style:none\"><img id=\"soliloquy-image-209\" class=\"soliloquy-image soliloquy-image-2\" src=\"http:\/\/www.mbnp.archidiecezja.wroc.pl\/wp-content\/uploads\/2015\/11\/708370-1600x400_c.jpg\" alt=\"708370\" \/><\/li><li aria-hidden=\"true\" class=\"soliloquy-item soliloquy-item-3 soliloquy-image-slide\" draggable=\"false\" style=\"list-style:none\"><img id=\"soliloquy-image-208\" class=\"soliloquy-image soliloquy-image-3\" src=\"http:\/\/www.mbnp.archidiecezja.wroc.pl\/wp-content\/uploads\/2015\/11\/32965215-11-1600x400_c.jpg\" alt=\"32965215 (1)\" \/><\/li><li aria-hidden=\"true\" class=\"soliloquy-item soliloquy-item-4 soliloquy-image-slide\" draggable=\"false\" style=\"list-style:none\"><img id=\"soliloquy-image-7908\" class=\"soliloquy-image soliloquy-image-4\" src=\"http:\/\/www.mbnp.archidiecezja.wroc.pl\/wp-content\/uploads\/2015\/11\/images-1600x400_c.jpg\" alt=\"images\" \/><\/li><\/ul><\/div><noscript><style type=\"text\/css\">#soliloquy-container-14{opacity:1}<\/style><\/noscript><a href=\"http:\/\/www.mbnp.archidiecezja.wroc.pl\/wp-content\/uploads\/2018\/08\/Obraz-Jasnog\u00f3rski1.jpg\" rel=\"lightbox[3269]\"><img decoding=\"async\" loading=\"lazy\" class=\"wp-image-3271 alignleft\" src=\"http:\/\/www.mbnp.archidiecezja.wroc.pl\/wp-content\/uploads\/2018\/08\/Obraz-Jasnog\u00f3rski1-215x300.jpg\" alt=\"Obraz Jasnog\u00f3rski\" width=\"233\" height=\"326\" srcset=\"http:\/\/www.mbnp.archidiecezja.wroc.pl\/wp-content\/uploads\/2018\/08\/Obraz-Jasnog\u00f3rski1-215x300.jpg 215w, http:\/\/www.mbnp.archidiecezja.wroc.pl\/wp-content\/uploads\/2018\/08\/Obraz-Jasnog\u00f3rski1-735x1024.jpg 735w, http:\/\/www.mbnp.archidiecezja.wroc.pl\/wp-content\/uploads\/2018\/08\/Obraz-Jasnog\u00f3rski1.jpg 886w\" sizes=\"(max-width: 233px) 100vw, 233px\" \/><\/a><strong>\u00a0\u00a0\u00a0\u00a0\u00a0\u00a0\u00a0\u00a0 02 sierpnia 2018r., z Wroc\u0142awskiej Katedry, wyruszy\u0142a 38. Wroc\u0142awska Piesza Pielgrzymka na Jasn\u0105 G\u00f3r\u0119. Od bardzo wielu lat osoby, kt\u00f3re nie mog\u0105 wzi\u0105\u0107 w niej fizycznie\u00a0 udzia\u0142u, podejmuj\u0105 si\u0119 duchowego pielgrzymowania. W naszej parafii jest r\u00f3wnie\u017c grupa kilkudziesi\u0119ciu os\u00f3b, kt\u00f3re pielgrzymuj\u0105 w\u00a0 16.\u00a0 czyli tzw. \u201educhowej <\/strong><strong>grupie<\/strong><strong>\u201d. Duchowi pielgrzymi posiadaj\u0105 znaczki i modlitewniki pielgrzyma, a nade wszystko codziennie modl\u0105 si\u0119 za pielgrzym\u00f3w i w \u0142\u0105czno\u015bci z nimi. Spotykaj\u0105 si\u0119 te\u017c codziennie o godz. 20:30 w naszej \u015bwi\u0105tyni na wsp\u00f3lnej modlitwie, kt\u00f3rej przewodzi ks. Tomasz G\u0142odowicz. Modlitwa ta ko\u0144czy si\u0119 Apelem Jasnog\u00f3rskim. <\/strong><\/p>\n<p><strong>\u00a0\u00a0\u00a0\u00a0\u00a0 Wszystkich, kt\u00f3rzy chc\u0105 si\u0119 jeszcze do\u0142\u0105czy\u0107 do duchowych pielgrzym\u00f3w zapraszamy codziennie, do 8 sierpnia 2018r. w\u0142\u0105cznie, na godzin\u0119 20:30, a tych kt\u00f3rzy nie mog\u0105 przyby\u0107 do \u015bwi\u0105tyni zach\u0119camy, aby w tej godzinie modlili si\u0119 razem z nami w tych miejscach, w kt\u00f3rych aktualnie przebywaj\u0105. <\/strong><\/p>\n<p><strong>09 sierpnia duchowi pielgrzymi i wszyscy ch\u0119tni parafianie zaproszeni s\u0105 do Sanktuarium Jasnog\u00f3rskiej Matki Ko\u015bcio\u0142a <\/strong><strong>u Ojc\u00f3w Paulin\u00f3w przy ul. \u015bw. Antoniego 30, na godzin\u0119 19:30, na modlitw\u0119 r\u00f3\u017ca\u0144cow\u0105, Msz\u0119 \u015bw. i Apel Jasnog\u00f3rski.<br \/>\n<\/strong><\/p>\n<p><strong>\u00a0\u00a0\u00a0\u00a0\u00a0\u00a0\u00a0\u00a0\u00a0\u00a0 10 sierpnia, <\/strong><strong>o godz. 20:00, czyli w dniu<\/strong><strong>\u00a0 zako\u0144czenia pielgrzymki,\u00a0 spotykamy si\u0119 na Agapie w Auli Parafialnej.<\/strong><\/p>\n<p><strong>Serdecznie zapraszamy!<\/strong><\/p>\n<p>&nbsp;<\/p>\n","protected":false},"excerpt":{"rendered":"<p>\u00a0\u00a0\u00a0\u00a0\u00a0\u00a0\u00a0\u00a0 02 sierpnia 2018r., z Wroc\u0142awskiej Katedry, wyruszy\u0142a 38. Wroc\u0142awska Piesza Pielgrzymka na Jasn\u0105 G\u00f3r\u0119. Od bardzo wielu lat osoby, kt\u00f3re nie mog\u0105 wzi\u0105\u0107 w niej fizycznie\u00a0 udzia\u0142u, podejmuj\u0105 si\u0119 &#8230;<\/p>\n","protected":false},"author":7,"featured_media":0,"comment_status":"closed","ping_status":"open","sticky":false,"template":"","format":"standard","meta":[],"categories":[10],"tags":[],"_links":{"self":[{"href":"http:\/\/www.mbnp.archidiecezja.wroc.pl\/index.php?rest_route=\/wp\/v2\/posts\/3269"}],"collection":[{"href":"http:\/\/www.mbnp.archidiecezja.wroc.pl\/index.php?rest_route=\/wp\/v2\/posts"}],"about":[{"href":"http:\/\/www.mbnp.archidiecezja.wroc.pl\/index.php?rest_route=\/wp\/v2\/types\/post"}],"author":[{"embeddable":true,"href":"http:\/\/www.mbnp.archidiecezja.wroc.pl\/index.php?rest_route=\/wp\/v2\/users\/7"}],"replies":[{"embeddable":true,"href":"http:\/\/www.mbnp.archidiecezja.wroc.pl\/index.php?rest_route=%2Fwp%2Fv2%2Fcomments&post=3269"}],"version-history":[{"count":6,"href":"http:\/\/www.mbnp.archidiecezja.wroc.pl\/index.php?rest_route=\/wp\/v2\/posts\/3269\/revisions"}],"predecessor-version":[{"id":3805,"href":"http:\/\/www.mbnp.archidiecezja.wroc.pl\/index.php?rest_route=\/wp\/v2\/posts\/3269\/revisions\/3805"}],"wp:attachment":[{"href":"http:\/\/www.mbnp.archidiecezja.wroc.pl\/index.php?rest_route=%2Fwp%2Fv2%2Fmedia&parent=3269"}],"wp:term":[{"taxonomy":"category","embeddable":true,"href":"http:\/\/www.mbnp.archidiecezja.wroc.pl\/index.php?rest_route=%2Fwp%2Fv2%2Fcategories&post=3269"},{"taxonomy":"post_tag","embeddable":true,"href":"http:\/\/www.mbnp.archidiecezja.wroc.pl\/index.php?rest_route=%2Fwp%2Fv2%2Ftags&post=3269"}],"curies":[{"name":"wp","href":"https:\/\/api.w.org\/{rel}","templated":true}]}}