{"id":3251,"date":"2018-07-17T19:42:34","date_gmt":"2018-07-17T17:42:34","guid":{"rendered":"http:\/\/www.mbnp.archidiecezja.wroc.pl\/?p=3251"},"modified":"2024-05-04T02:04:55","modified_gmt":"2024-05-04T00:04:55","slug":"tydzien-sw-krzysztofa","status":"publish","type":"post","link":"http:\/\/www.mbnp.archidiecezja.wroc.pl\/?p=3251","title":{"rendered":"Tydzie\u0144 \u015bw. Krzysztofa"},"content":{"rendered":"<p><strong>Zbli\u017ca si\u0119 Tydzie\u0144 \u015bw. Krzysztofa<\/strong><\/p>\n<p>W dniach 22-29 lipca 2018 b\u0119dzie obchodzony 19. Og\u00f3lnopolski Tydzie\u0144 \u015bw. Krzysztofa wraz z misyjn\u0105\u00a0<em>Akcj\u0105 \u015bw. Krzysztof \u2013 1 grosz za 1 kilometr\u00a0<\/em>szcz\u0119\u015bliwej jazdy na \u015brodki transportu dla misjonarzy. W tym czasie za wstawiennictwem \u015bw. Krzysztofa \u2013 Patrona kierowc\u00f3w i podr\u00f3\u017cnych b\u0119dziemy si\u0119 modli\u0107 za wszystkich u\u017cytkownik\u00f3w drogi o bezpieczne podr\u00f3\u017ce dla wszystkich. Wa\u017cnym punktem obchod\u00f3w jest b\u0142ogos\u0142awie\u0144stwo kierowc\u00f3w i ich pojazd\u00f3w, aby zawsze u\u017cywali ich m\u0105drze i odpowiedzialnie. Do wszystkich u\u017cytkownik\u00f3w pojazd\u00f3w jest kierowany apel o udzia\u0142 w\u00a0<em>Akcji \u015bw. Krzysztof<\/em>\u00a0i wsparcie misjonarzy w zakupie \u015brodk\u00f3w transportu poprzez przeznaczenie 1 grosza za ka\u017cdy przejechany kilometr na ten cel.<\/p>\n<p style=\"text-align: center;\"><a href=\"http:\/\/www.mbnp.archidiecezja.wroc.pl\/wp-content\/uploads\/2018\/07\/plakat2018.jpg\" rel=\"lightbox[3251]\"><img decoding=\"async\" loading=\"lazy\" class=\"aligncenter size-large wp-image-3252\" src=\"http:\/\/www.mbnp.archidiecezja.wroc.pl\/wp-content\/uploads\/2018\/07\/plakat2018-727x1024.jpg\" alt=\"plakat_1grosz za kilometr_spady 2 mm.indd\" width=\"648\" height=\"913\" srcset=\"http:\/\/www.mbnp.archidiecezja.wroc.pl\/wp-content\/uploads\/2018\/07\/plakat2018-727x1024.jpg 727w, http:\/\/www.mbnp.archidiecezja.wroc.pl\/wp-content\/uploads\/2018\/07\/plakat2018-213x300.jpg 213w\" sizes=\"(max-width: 648px) 100vw, 648px\" \/><\/a><\/p>\n<p style=\"text-align: left;\">Informacje o akcji za:\u00a0<a href=\"http:\/\/www.miva.pl\/aktualnosci\/aktualnosci\/37742\/zbliza-sie-tydzien-sw-krzysztofa\">http:\/\/www.miva.pl\/aktualnosci\/aktualnosci\/37742\/zbliza-sie-tydzien-sw-krzysztofa<\/a><\/p>\n","protected":false},"excerpt":{"rendered":"<p>Zbli\u017ca si\u0119 Tydzie\u0144 \u015bw. Krzysztofa W dniach 22-29 lipca 2018 b\u0119dzie obchodzony 19. Og\u00f3lnopolski Tydzie\u0144 \u015bw. Krzysztofa wraz z misyjn\u0105\u00a0Akcj\u0105 \u015bw. Krzysztof \u2013 1 grosz za 1 kilometr\u00a0szcz\u0119\u015bliwej jazdy na &#8230;<\/p>\n","protected":false},"author":7,"featured_media":0,"comment_status":"closed","ping_status":"open","sticky":false,"template":"","format":"standard","meta":[],"categories":[10],"tags":[],"_links":{"self":[{"href":"http:\/\/www.mbnp.archidiecezja.wroc.pl\/index.php?rest_route=\/wp\/v2\/posts\/3251"}],"collection":[{"href":"http:\/\/www.mbnp.archidiecezja.wroc.pl\/index.php?rest_route=\/wp\/v2\/posts"}],"about":[{"href":"http:\/\/www.mbnp.archidiecezja.wroc.pl\/index.php?rest_route=\/wp\/v2\/types\/post"}],"author":[{"embeddable":true,"href":"http:\/\/www.mbnp.archidiecezja.wroc.pl\/index.php?rest_route=\/wp\/v2\/users\/7"}],"replies":[{"embeddable":true,"href":"http:\/\/www.mbnp.archidiecezja.wroc.pl\/index.php?rest_route=%2Fwp%2Fv2%2Fcomments&post=3251"}],"version-history":[{"count":1,"href":"http:\/\/www.mbnp.archidiecezja.wroc.pl\/index.php?rest_route=\/wp\/v2\/posts\/3251\/revisions"}],"predecessor-version":[{"id":3253,"href":"http:\/\/www.mbnp.archidiecezja.wroc.pl\/index.php?rest_route=\/wp\/v2\/posts\/3251\/revisions\/3253"}],"wp:attachment":[{"href":"http:\/\/www.mbnp.archidiecezja.wroc.pl\/index.php?rest_route=%2Fwp%2Fv2%2Fmedia&parent=3251"}],"wp:term":[{"taxonomy":"category","embeddable":true,"href":"http:\/\/www.mbnp.archidiecezja.wroc.pl\/index.php?rest_route=%2Fwp%2Fv2%2Fcategories&post=3251"},{"taxonomy":"post_tag","embeddable":true,"href":"http:\/\/www.mbnp.archidiecezja.wroc.pl\/index.php?rest_route=%2Fwp%2Fv2%2Ftags&post=3251"}],"curies":[{"name":"wp","href":"https:\/\/api.w.org\/{rel}","templated":true}]}}