{"id":3241,"date":"2018-07-12T15:38:06","date_gmt":"2018-07-12T13:38:06","guid":{"rendered":"http:\/\/www.mbnp.archidiecezja.wroc.pl\/?p=3241"},"modified":"2024-05-04T02:06:49","modified_gmt":"2024-05-04T00:06:49","slug":"3241","status":"publish","type":"post","link":"http:\/\/www.mbnp.archidiecezja.wroc.pl\/?p=3241","title":{"rendered":"Oddaj krew!!!"},"content":{"rendered":"<p style=\"font-weight: 400; text-align: center;\"><a href=\"http:\/\/www.mbnp.archidiecezja.wroc.pl\/wp-content\/uploads\/2018\/07\/rrr1.jpg\" rel=\"lightbox[3241]\"><img decoding=\"async\" loading=\"lazy\" class=\"aligncenter size-full wp-image-3243\" src=\"http:\/\/www.mbnp.archidiecezja.wroc.pl\/wp-content\/uploads\/2018\/07\/rrr1.jpg\" alt=\"rrr1\" width=\"640\" height=\"270\" srcset=\"http:\/\/www.mbnp.archidiecezja.wroc.pl\/wp-content\/uploads\/2018\/07\/rrr1.jpg 640w, http:\/\/www.mbnp.archidiecezja.wroc.pl\/wp-content\/uploads\/2018\/07\/rrr1-300x127.jpg 300w\" sizes=\"(max-width: 640px) 100vw, 640px\" \/><\/a><\/p>\n<p style=\"font-weight: 400;\"><strong>\u201eCo minut\u0119 kto\u015b potrzebuje krwi a pacjenci niestety nie maj\u0105 wakacji? Wystarczy godzina, \u017ceby uratowa\u0107 komu\u015b \u017cycie. Oddaj Krew ju\u017c dzi\u015b\u201d<\/strong><\/p>\n<p style=\"font-weight: 400;\">Co chwil\u0119 gdzie\u015b w kraju dochodzi do wypadku a \u015brednio 1 osoba na 10 w szpitalu potrzebuje krwi.<\/p>\n<p style=\"font-weight: 400;\">Regionalne Centrum Krwiodawstwa i Krwiolecznictwa z Wroc\u0142awia zaprasza do oddawania krwi podczas wakacji. Krew mo\u017cna oddwa\u0107 codziennie w RCKIK we Wroc\u0142awiu przy ul. Czerwonego Krzy\u017ca 5\/9, w Terenowym Oddziale w G\u0142ogowie, w Legnicy czy w Lubinie oraz na akcjach wyjazdowych na terenie Dolnego \u015al\u0105ska.<\/p>\n<p style=\"font-weight: 400;\">Kalendarz akcji dost\u0119pny jest na naszej stronie\u00a0<a href=\"http:\/\/www.rckik.wroclaw.pl\/\">www.rckik.wroclaw.pl<\/a><\/p>\n<p style=\"font-weight: 400;\">Przypominamy kto mo\u017ce odda\u0107 krew:\u00a0 ka\u017cda zdrowa pe\u0142noletnia osoba do 65-ego roku \u017cycia\u00a0 legitymuj\u0105ca si\u0119 dokumentem ze zdj\u0119ciem stwierdzaj\u0105cym to\u017csamo\u015b\u0107 wraz z numerem PESEL.<\/p>\n","protected":false},"excerpt":{"rendered":"<p>\u201eCo minut\u0119 kto\u015b potrzebuje krwi a pacjenci niestety nie maj\u0105 wakacji? Wystarczy godzina, \u017ceby uratowa\u0107 komu\u015b \u017cycie. Oddaj Krew ju\u017c dzi\u015b\u201d Co chwil\u0119 gdzie\u015b w kraju dochodzi do wypadku a &#8230;<\/p>\n","protected":false},"author":7,"featured_media":0,"comment_status":"closed","ping_status":"open","sticky":false,"template":"","format":"standard","meta":[],"categories":[10],"tags":[],"_links":{"self":[{"href":"http:\/\/www.mbnp.archidiecezja.wroc.pl\/index.php?rest_route=\/wp\/v2\/posts\/3241"}],"collection":[{"href":"http:\/\/www.mbnp.archidiecezja.wroc.pl\/index.php?rest_route=\/wp\/v2\/posts"}],"about":[{"href":"http:\/\/www.mbnp.archidiecezja.wroc.pl\/index.php?rest_route=\/wp\/v2\/types\/post"}],"author":[{"embeddable":true,"href":"http:\/\/www.mbnp.archidiecezja.wroc.pl\/index.php?rest_route=\/wp\/v2\/users\/7"}],"replies":[{"embeddable":true,"href":"http:\/\/www.mbnp.archidiecezja.wroc.pl\/index.php?rest_route=%2Fwp%2Fv2%2Fcomments&post=3241"}],"version-history":[{"count":6,"href":"http:\/\/www.mbnp.archidiecezja.wroc.pl\/index.php?rest_route=\/wp\/v2\/posts\/3241\/revisions"}],"predecessor-version":[{"id":3249,"href":"http:\/\/www.mbnp.archidiecezja.wroc.pl\/index.php?rest_route=\/wp\/v2\/posts\/3241\/revisions\/3249"}],"wp:attachment":[{"href":"http:\/\/www.mbnp.archidiecezja.wroc.pl\/index.php?rest_route=%2Fwp%2Fv2%2Fmedia&parent=3241"}],"wp:term":[{"taxonomy":"category","embeddable":true,"href":"http:\/\/www.mbnp.archidiecezja.wroc.pl\/index.php?rest_route=%2Fwp%2Fv2%2Fcategories&post=3241"},{"taxonomy":"post_tag","embeddable":true,"href":"http:\/\/www.mbnp.archidiecezja.wroc.pl\/index.php?rest_route=%2Fwp%2Fv2%2Ftags&post=3241"}],"curies":[{"name":"wp","href":"https:\/\/api.w.org\/{rel}","templated":true}]}}