{"id":323,"date":"2015-11-14T16:26:28","date_gmt":"2015-11-14T15:26:28","guid":{"rendered":"http:\/\/www.mbnp.archidiecezja.wroc.pl\/wordpress\/?p=323"},"modified":"2016-02-16T00:30:29","modified_gmt":"2016-02-15T23:30:29","slug":"pomoc-misjom-podziekowanie","status":"publish","type":"post","link":"http:\/\/www.mbnp.archidiecezja.wroc.pl\/?p=323","title":{"rendered":"Pomoc misjom &#8211; podzi\u0119kowanie"},"content":{"rendered":"<p style=\"text-align: center;\">W wyniku przeprowadzonej wsp\u00f3lnie ze Szko\u0142\u0105 Podstawow\u0105 Nr 28<\/p>\n<p style=\"text-align: center;\">oraz Zespo\u0142em Szk\u00f3\u0142 nr 3<\/p>\n<p style=\"text-align: center;\">akcji pomocy misjom w Rwandzie,<\/p>\n<p style=\"text-align: center;\">otrzymali\u015bmy podzi\u0119kowanie za udzielon\u0105 pomoc.<\/p>\n<p style=\"text-align: center;\"><img decoding=\"async\" loading=\"lazy\" class=\"aligncenter wp-image-324 size-full\" src=\"http:\/\/www.mbnp.archidiecezja.wroc.pl\/wp-content\/uploads\/2015\/12\/misjer.jpg\" alt=\"misjer\" width=\"2464\" height=\"3448\" srcset=\"http:\/\/www.mbnp.archidiecezja.wroc.pl\/wp-content\/uploads\/2015\/12\/misjer.jpg 2464w, http:\/\/www.mbnp.archidiecezja.wroc.pl\/wp-content\/uploads\/2015\/12\/misjer-214x300.jpg 214w, http:\/\/www.mbnp.archidiecezja.wroc.pl\/wp-content\/uploads\/2015\/12\/misjer-732x1024.jpg 732w\" sizes=\"(max-width: 2464px) 100vw, 2464px\" \/><\/p>\n","protected":false},"excerpt":{"rendered":"<p>W wyniku przeprowadzonej wsp\u00f3lnie ze Szko\u0142\u0105 Podstawow\u0105 Nr 28 oraz Zespo\u0142em Szk\u00f3\u0142 nr 3 akcji pomocy misjom w Rwandzie, otrzymali\u015bmy podzi\u0119kowanie za udzielon\u0105 pomoc.<\/p>\n","protected":false},"author":7,"featured_media":0,"comment_status":"closed","ping_status":"open","sticky":false,"template":"","format":"standard","meta":[],"categories":[10],"tags":[],"_links":{"self":[{"href":"http:\/\/www.mbnp.archidiecezja.wroc.pl\/index.php?rest_route=\/wp\/v2\/posts\/323"}],"collection":[{"href":"http:\/\/www.mbnp.archidiecezja.wroc.pl\/index.php?rest_route=\/wp\/v2\/posts"}],"about":[{"href":"http:\/\/www.mbnp.archidiecezja.wroc.pl\/index.php?rest_route=\/wp\/v2\/types\/post"}],"author":[{"embeddable":true,"href":"http:\/\/www.mbnp.archidiecezja.wroc.pl\/index.php?rest_route=\/wp\/v2\/users\/7"}],"replies":[{"embeddable":true,"href":"http:\/\/www.mbnp.archidiecezja.wroc.pl\/index.php?rest_route=%2Fwp%2Fv2%2Fcomments&post=323"}],"version-history":[{"count":4,"href":"http:\/\/www.mbnp.archidiecezja.wroc.pl\/index.php?rest_route=\/wp\/v2\/posts\/323\/revisions"}],"predecessor-version":[{"id":1051,"href":"http:\/\/www.mbnp.archidiecezja.wroc.pl\/index.php?rest_route=\/wp\/v2\/posts\/323\/revisions\/1051"}],"wp:attachment":[{"href":"http:\/\/www.mbnp.archidiecezja.wroc.pl\/index.php?rest_route=%2Fwp%2Fv2%2Fmedia&parent=323"}],"wp:term":[{"taxonomy":"category","embeddable":true,"href":"http:\/\/www.mbnp.archidiecezja.wroc.pl\/index.php?rest_route=%2Fwp%2Fv2%2Fcategories&post=323"},{"taxonomy":"post_tag","embeddable":true,"href":"http:\/\/www.mbnp.archidiecezja.wroc.pl\/index.php?rest_route=%2Fwp%2Fv2%2Ftags&post=323"}],"curies":[{"name":"wp","href":"https:\/\/api.w.org\/{rel}","templated":true}]}}