{"id":3214,"date":"2018-06-23T16:31:00","date_gmt":"2018-06-23T14:31:00","guid":{"rendered":"http:\/\/www.mbnp.archidiecezja.wroc.pl\/?p=3214"},"modified":"2024-05-04T02:04:55","modified_gmt":"2024-05-04T00:04:55","slug":"echa-wizyty-s-hanny-gnatowskiej-z-kamerunu","status":"publish","type":"post","link":"http:\/\/www.mbnp.archidiecezja.wroc.pl\/?p=3214","title":{"rendered":"Echa wizyty s. Hanny Gnatowskiej z Kamerunu"},"content":{"rendered":"<p>Mija ju\u017c dwa tygodnie od czasu, kiedy w murach naszego ko\u015bcio\u0142a go\u015bcili\u015bmy s. Hann\u0119 Gnatowsk\u0105.\u00a0 Jak dobrze pami\u0119tamy, pos\u0142uguje ona w Kamerunie, w\u015br\u00f3d biednych dzieci z d\u017cungli. Opiekuje si\u0119 tam miejscow\u0105 szko\u0142\u0105, zapewniaj\u0105c swoim podopiecznym nie tylko dost\u0119p do nauki, ale tak\u017ce obiad, b\u0119d\u0105cy cz\u0119sto jedynym posi\u0142kiem w trakcie dnia.<\/p>\n<p>W trakcie swojego pobytu we Wroc\u0142awiu, s. Hanna go\u015bci\u0142a m.in.\u00a0w Szkole Podstawowej nr 28 przy ul. Greckiej, gdzie opowiada\u0142a dzieciom o swojej pracy. Udzieli\u0142a tak\u017ce wywiadu tygodnikowi &#8222;Niedziela wroc\u0142awska&#8221; oraz katolickiemu &#8222;Radiu Rodzina&#8221;.<\/p>\n<p>Zapraszamy wszystkich do wys\u0142uchania <strong>audycji radiowej<\/strong> z udzia\u0142em s. Hanny, kt\u00f3ra by\u0142a emitowana w poniedzia\u0142ek (25.06) o godz. 13.10. na falach:\u00a0<a href=\"http:\/\/www.radiorodzina.pl\/19287,dziswkosciele-o-misji-w-kamerunie-posuchaj\/\">RADIO RODZINA<\/a><\/p>\n<p>W najnowszym numerze &#8222;Niedzieli wroc\u0142awskiej&#8221; (nr 26 &#8211; 1 VII 2018) ukaza\u0142 si\u0119 r\u00f3wnie\u017c obszerny wywiad z s. Hann\u0105. Zapraszamy do zapoznania si\u0119 z artyku\u0142em.<\/p>\n<p>Pos\u0142ug\u0119 s. Hanny w Kamerunie mo\u017cna wesprze\u0107 poprzez dokonanie wp\u0142aty na konto:<\/p>\n<p><strong>56 1240 6218 1111 0000 4618 4036<\/strong> <span style=\"color: #ff0000;\">z dopiskiem: s. Hanna Gnatowska Kamerun Doume<\/span><\/p>\n<p style=\"text-align: center;\"><a href=\"http:\/\/www.mbnp.archidiecezja.wroc.pl\/wp-content\/uploads\/2018\/06\/20180611_113153.jpg\" rel=\"lightbox[3214]\"><img decoding=\"async\" loading=\"lazy\" class=\"aligncenter size-large wp-image-3215\" src=\"http:\/\/www.mbnp.archidiecezja.wroc.pl\/wp-content\/uploads\/2018\/06\/20180611_113153-1024x768.jpg\" alt=\"20180611_113153\" width=\"648\" height=\"486\" srcset=\"http:\/\/www.mbnp.archidiecezja.wroc.pl\/wp-content\/uploads\/2018\/06\/20180611_113153-1024x768.jpg 1024w, http:\/\/www.mbnp.archidiecezja.wroc.pl\/wp-content\/uploads\/2018\/06\/20180611_113153-300x225.jpg 300w\" sizes=\"(max-width: 648px) 100vw, 648px\" \/><\/a><\/p>\n<p style=\"text-align: center;\"><a href=\"http:\/\/www.mbnp.archidiecezja.wroc.pl\/?page_id=2964&amp;album=6570285257197072993\">GALERIA<\/a><\/p>\n","protected":false},"excerpt":{"rendered":"<p>Mija ju\u017c dwa tygodnie od czasu, kiedy w murach naszego ko\u015bcio\u0142a go\u015bcili\u015bmy s. Hann\u0119 Gnatowsk\u0105.\u00a0 Jak dobrze pami\u0119tamy, pos\u0142uguje ona w Kamerunie, w\u015br\u00f3d biednych dzieci z d\u017cungli. Opiekuje si\u0119 tam &#8230;<\/p>\n","protected":false},"author":7,"featured_media":0,"comment_status":"closed","ping_status":"open","sticky":false,"template":"","format":"standard","meta":[],"categories":[10],"tags":[],"_links":{"self":[{"href":"http:\/\/www.mbnp.archidiecezja.wroc.pl\/index.php?rest_route=\/wp\/v2\/posts\/3214"}],"collection":[{"href":"http:\/\/www.mbnp.archidiecezja.wroc.pl\/index.php?rest_route=\/wp\/v2\/posts"}],"about":[{"href":"http:\/\/www.mbnp.archidiecezja.wroc.pl\/index.php?rest_route=\/wp\/v2\/types\/post"}],"author":[{"embeddable":true,"href":"http:\/\/www.mbnp.archidiecezja.wroc.pl\/index.php?rest_route=\/wp\/v2\/users\/7"}],"replies":[{"embeddable":true,"href":"http:\/\/www.mbnp.archidiecezja.wroc.pl\/index.php?rest_route=%2Fwp%2Fv2%2Fcomments&post=3214"}],"version-history":[{"count":7,"href":"http:\/\/www.mbnp.archidiecezja.wroc.pl\/index.php?rest_route=\/wp\/v2\/posts\/3214\/revisions"}],"predecessor-version":[{"id":3229,"href":"http:\/\/www.mbnp.archidiecezja.wroc.pl\/index.php?rest_route=\/wp\/v2\/posts\/3214\/revisions\/3229"}],"wp:attachment":[{"href":"http:\/\/www.mbnp.archidiecezja.wroc.pl\/index.php?rest_route=%2Fwp%2Fv2%2Fmedia&parent=3214"}],"wp:term":[{"taxonomy":"category","embeddable":true,"href":"http:\/\/www.mbnp.archidiecezja.wroc.pl\/index.php?rest_route=%2Fwp%2Fv2%2Fcategories&post=3214"},{"taxonomy":"post_tag","embeddable":true,"href":"http:\/\/www.mbnp.archidiecezja.wroc.pl\/index.php?rest_route=%2Fwp%2Fv2%2Ftags&post=3214"}],"curies":[{"name":"wp","href":"https:\/\/api.w.org\/{rel}","templated":true}]}}