{"id":3203,"date":"2018-06-16T17:43:38","date_gmt":"2018-06-16T15:43:38","guid":{"rendered":"http:\/\/www.mbnp.archidiecezja.wroc.pl\/?p=3203"},"modified":"2018-07-19T15:15:11","modified_gmt":"2018-07-19T13:15:11","slug":"promocja-lektorska-i-ceremoniarska","status":"publish","type":"post","link":"http:\/\/www.mbnp.archidiecezja.wroc.pl\/?p=3203","title":{"rendered":"Promocja lektorska i ceremoniarska"},"content":{"rendered":"<p>16 czerwca o godz. 11\u00a0w trakcie uroczystej Mszy \u015bw. w Archikatedrze wroc\u0142awskiej, kt\u00f3rej przewodniczy\u0142 abp J\u00f3zef Kupny, cz\u0142onkowie Liturgicznej S\u0142u\u017cby O\u0142tarza z naszej parafii otrzymali promocj\u0119 lektorsk\u0105 i ceremoniarsk\u0105. Serdecznie gratulujemy.<\/p>\n<p style=\"text-align: center;\"><a href=\"http:\/\/www.mbnp.archidiecezja.wroc.pl\/wp-content\/uploads\/2018\/06\/151633_TV6H_IMG_0022_82.jpg\" rel=\"lightbox[3203]\"><img decoding=\"async\" loading=\"lazy\" class=\"aligncenter size-full wp-image-3204\" src=\"http:\/\/www.mbnp.archidiecezja.wroc.pl\/wp-content\/uploads\/2018\/06\/151633_TV6H_IMG_0022_82.jpg\" alt=\"151633_TV6H_IMG_0022_82\" width=\"765\" height=\"510\" srcset=\"http:\/\/www.mbnp.archidiecezja.wroc.pl\/wp-content\/uploads\/2018\/06\/151633_TV6H_IMG_0022_82.jpg 765w, http:\/\/www.mbnp.archidiecezja.wroc.pl\/wp-content\/uploads\/2018\/06\/151633_TV6H_IMG_0022_82-300x200.jpg 300w\" sizes=\"(max-width: 765px) 100vw, 765px\" \/><\/a><\/p>\n<p style=\"text-align: center;\"><a href=\"http:\/\/www.mbnp.archidiecezja.wroc.pl\/?page_id=409&amp;album=6567707756253003809\">GALERIA<\/a><\/p>\n<p style=\"text-align: left;\">Zdj\u0119cia za <a href=\"https:\/\/wroclaw.gosc.pl\/doc\/4816290.Oni-sa-nadzieja-Kosciola\">www.wroclaw.gosc.pl<\/a><\/p>\n","protected":false},"excerpt":{"rendered":"<p>16 czerwca o godz. 11\u00a0w trakcie uroczystej Mszy \u015bw. w Archikatedrze wroc\u0142awskiej, kt\u00f3rej przewodniczy\u0142 abp J\u00f3zef Kupny, cz\u0142onkowie Liturgicznej S\u0142u\u017cby O\u0142tarza z naszej parafii otrzymali promocj\u0119 lektorsk\u0105 i ceremoniarsk\u0105. Serdecznie &#8230;<\/p>\n","protected":false},"author":7,"featured_media":0,"comment_status":"closed","ping_status":"open","sticky":false,"template":"","format":"standard","meta":[],"categories":[10],"tags":[],"_links":{"self":[{"href":"http:\/\/www.mbnp.archidiecezja.wroc.pl\/index.php?rest_route=\/wp\/v2\/posts\/3203"}],"collection":[{"href":"http:\/\/www.mbnp.archidiecezja.wroc.pl\/index.php?rest_route=\/wp\/v2\/posts"}],"about":[{"href":"http:\/\/www.mbnp.archidiecezja.wroc.pl\/index.php?rest_route=\/wp\/v2\/types\/post"}],"author":[{"embeddable":true,"href":"http:\/\/www.mbnp.archidiecezja.wroc.pl\/index.php?rest_route=\/wp\/v2\/users\/7"}],"replies":[{"embeddable":true,"href":"http:\/\/www.mbnp.archidiecezja.wroc.pl\/index.php?rest_route=%2Fwp%2Fv2%2Fcomments&post=3203"}],"version-history":[{"count":1,"href":"http:\/\/www.mbnp.archidiecezja.wroc.pl\/index.php?rest_route=\/wp\/v2\/posts\/3203\/revisions"}],"predecessor-version":[{"id":3205,"href":"http:\/\/www.mbnp.archidiecezja.wroc.pl\/index.php?rest_route=\/wp\/v2\/posts\/3203\/revisions\/3205"}],"wp:attachment":[{"href":"http:\/\/www.mbnp.archidiecezja.wroc.pl\/index.php?rest_route=%2Fwp%2Fv2%2Fmedia&parent=3203"}],"wp:term":[{"taxonomy":"category","embeddable":true,"href":"http:\/\/www.mbnp.archidiecezja.wroc.pl\/index.php?rest_route=%2Fwp%2Fv2%2Fcategories&post=3203"},{"taxonomy":"post_tag","embeddable":true,"href":"http:\/\/www.mbnp.archidiecezja.wroc.pl\/index.php?rest_route=%2Fwp%2Fv2%2Ftags&post=3203"}],"curies":[{"name":"wp","href":"https:\/\/api.w.org\/{rel}","templated":true}]}}