{"id":3200,"date":"2018-06-16T17:31:03","date_gmt":"2018-06-16T15:31:03","guid":{"rendered":"http:\/\/www.mbnp.archidiecezja.wroc.pl\/?p=3200"},"modified":"2024-05-03T23:45:58","modified_gmt":"2024-05-03T21:45:58","slug":"35-rocznica-wizyty-ojca-swietego-jana-pawla-ii-we-wroclawiu","status":"publish","type":"post","link":"http:\/\/www.mbnp.archidiecezja.wroc.pl\/?p=3200","title":{"rendered":"35. rocznica wizyty Ojca \u015awi\u0119tego Jana Paw\u0142a II we Wroc\u0142awiu"},"content":{"rendered":"<p>&nbsp;<\/p>\n<p><a href=\"http:\/\/www.mbnp.archidiecezja.wroc.pl\/wp-content\/uploads\/2018\/06\/35rocznica.jpg\" rel=\"lightbox[3200]\"><img decoding=\"async\" loading=\"lazy\" class=\"aligncenter size-full wp-image-3201\" src=\"http:\/\/www.mbnp.archidiecezja.wroc.pl\/wp-content\/uploads\/2018\/06\/35rocznica.jpg\" alt=\"35rocznica\" width=\"600\" height=\"283\" srcset=\"http:\/\/www.mbnp.archidiecezja.wroc.pl\/wp-content\/uploads\/2018\/06\/35rocznica.jpg 600w, http:\/\/www.mbnp.archidiecezja.wroc.pl\/wp-content\/uploads\/2018\/06\/35rocznica-300x142.jpg 300w\" sizes=\"(max-width: 600px) 100vw, 600px\" \/><\/a><\/p>\n<div id=\"page-header\" class=\"header-style-light\" data-imgready=\"true\">\n<div class=\"header-basic style-light\">\n<div class=\"background-element header-wrapper style-color-xsdn-bg header-only-text\" data-height=\"5\">\n<div class=\"header-main-container limit-width\">\n<div class=\"header-content header-center header-middle header-align-left\">\n<div class=\"header-content-inner\">\n<h1 class=\"header-title font-125791 h3\">35. rocznica wizyty Ojca \u015awi\u0119tego Jana Paw\u0142a II we Wroc\u0142awiu<\/h1>\n<div class=\"post-info\"><strong>Czwartek 21.06.2018<\/strong><\/div>\n<\/div>\n<\/div>\n<\/div>\n<\/div>\n<\/div>\n<\/div>\n<article id=\"post-940\" class=\"page-body style-light-bg post-940 post type-post status-publish format-standard has-post-thumbnail hentry category-newsy\">\n<div class=\"post-wrapper\">\n<div class=\"post-body\">\n<div class=\"post-content\">\n<div class=\"vc_row row-container boomapps_vcrow\" data-parent=\"true\" data-section=\"0\">\n<div class=\"row limit-width row-parent\" data-imgready=\"true\">\n<div class=\"row-inner\">\n<div class=\"pos-top pos-center align_left column_parent col-lg-6 boomapps_vccolumn single-internal-gutter\">\n<div class=\"uncol style-light\">\n<div class=\"uncoltable\">\n<div class=\"uncell boomapps_vccolumn no-block-padding\">\n<div class=\"uncont\">\n<div class=\"uncode_text_column\">\n<p><strong>12.30<\/strong><br \/>\nKonferencja \u201ePrzes\u0142anie \u015bw. Jana Paw\u0142a II na czas kryzysu Ko\u015bcio\u0142a\u201d \u2013 Ratusz, sala wielka<br \/>\n<strong>20.30<\/strong><br \/>\nOstr\u00f3w Tumski \u2013 scena przed katedr\u0105<br \/>\nKoncert zespo\u0142u Skaldowie \u201eMy pokolenie JPII\u201d<br \/>\nKatecheza Jana Budziaszka \u201eNie l\u0119kajcie si\u0119\u201d<\/p>\n<p><strong>Sobota-niedziela 23-24.06.2018<\/strong><br \/>\nPrezentacja samochodu Ojca \u015awi\u0119tego Jana Paw\u0142a II na placu przed bazylik\u0105 garnizonow\u0105 pw. \u015bw. El\u017cbiety<\/p>\n<\/div>\n<\/div>\n<\/div>\n<\/div>\n<\/div>\n<\/div>\n<\/div>\n<\/div>\n<\/div>\n<\/div>\n<\/div>\n<\/div>\n<\/article>\n","protected":false},"excerpt":{"rendered":"<p>&nbsp; 35. rocznica wizyty Ojca \u015awi\u0119tego Jana Paw\u0142a II we Wroc\u0142awiu Czwartek 21.06.2018 12.30 Konferencja \u201ePrzes\u0142anie \u015bw. Jana Paw\u0142a II na czas kryzysu Ko\u015bcio\u0142a\u201d \u2013 Ratusz, sala wielka 20.30 Ostr\u00f3w &#8230;<\/p>\n","protected":false},"author":7,"featured_media":0,"comment_status":"closed","ping_status":"open","sticky":false,"template":"","format":"standard","meta":[],"categories":[10],"tags":[],"_links":{"self":[{"href":"http:\/\/www.mbnp.archidiecezja.wroc.pl\/index.php?rest_route=\/wp\/v2\/posts\/3200"}],"collection":[{"href":"http:\/\/www.mbnp.archidiecezja.wroc.pl\/index.php?rest_route=\/wp\/v2\/posts"}],"about":[{"href":"http:\/\/www.mbnp.archidiecezja.wroc.pl\/index.php?rest_route=\/wp\/v2\/types\/post"}],"author":[{"embeddable":true,"href":"http:\/\/www.mbnp.archidiecezja.wroc.pl\/index.php?rest_route=\/wp\/v2\/users\/7"}],"replies":[{"embeddable":true,"href":"http:\/\/www.mbnp.archidiecezja.wroc.pl\/index.php?rest_route=%2Fwp%2Fv2%2Fcomments&post=3200"}],"version-history":[{"count":1,"href":"http:\/\/www.mbnp.archidiecezja.wroc.pl\/index.php?rest_route=\/wp\/v2\/posts\/3200\/revisions"}],"predecessor-version":[{"id":3202,"href":"http:\/\/www.mbnp.archidiecezja.wroc.pl\/index.php?rest_route=\/wp\/v2\/posts\/3200\/revisions\/3202"}],"wp:attachment":[{"href":"http:\/\/www.mbnp.archidiecezja.wroc.pl\/index.php?rest_route=%2Fwp%2Fv2%2Fmedia&parent=3200"}],"wp:term":[{"taxonomy":"category","embeddable":true,"href":"http:\/\/www.mbnp.archidiecezja.wroc.pl\/index.php?rest_route=%2Fwp%2Fv2%2Fcategories&post=3200"},{"taxonomy":"post_tag","embeddable":true,"href":"http:\/\/www.mbnp.archidiecezja.wroc.pl\/index.php?rest_route=%2Fwp%2Fv2%2Ftags&post=3200"}],"curies":[{"name":"wp","href":"https:\/\/api.w.org\/{rel}","templated":true}]}}