{"id":3191,"date":"2018-06-09T11:02:06","date_gmt":"2018-06-09T09:02:06","guid":{"rendered":"http:\/\/www.mbnp.archidiecezja.wroc.pl\/?p=3191"},"modified":"2024-05-04T02:03:19","modified_gmt":"2024-05-04T00:03:19","slug":"promocja-ministrantow","status":"publish","type":"post","link":"http:\/\/www.mbnp.archidiecezja.wroc.pl\/?p=3191","title":{"rendered":"Promocja ministrant\u00f3w"},"content":{"rendered":"<p>W pierwsz\u0105 niedziel\u0119 czerwca odby\u0142a si\u0119 w naszej parafii promocja 9 nowych ministrant\u00f3w.\u00a0 Mszy \u015bw. przewodniczy\u0142 opiekun\u00a0 ks. Piotr, a ks. Proboszcz w trakcie Eucharystii uroczy\u015bcie wypromowa\u0142 nowych cz\u0142onk\u00f3w\u00a0Liturgicznej S\u0142u\u017cby O\u0142tarza.<\/p>\n<p><a href=\"http:\/\/www.mbnp.archidiecezja.wroc.pl\/wp-content\/uploads\/2018\/06\/DSC01826.jpg\" rel=\"lightbox[3191]\"><img decoding=\"async\" loading=\"lazy\" class=\"size-large wp-image-3192\" src=\"http:\/\/www.mbnp.archidiecezja.wroc.pl\/wp-content\/uploads\/2018\/06\/DSC01826-1024x681.jpg\" alt=\"SONY DSC\" width=\"648\" height=\"431\" srcset=\"http:\/\/www.mbnp.archidiecezja.wroc.pl\/wp-content\/uploads\/2018\/06\/DSC01826-1024x681.jpg 1024w, http:\/\/www.mbnp.archidiecezja.wroc.pl\/wp-content\/uploads\/2018\/06\/DSC01826-300x200.jpg 300w\" sizes=\"(max-width: 648px) 100vw, 648px\" \/><\/a><\/p>\n<p style=\"text-align: center;\"><a href=\"http:\/\/www.mbnp.archidiecezja.wroc.pl\/?page_id=2964&amp;album=6565006720064483649\">GALERIA<\/a><\/p>\n","protected":false},"excerpt":{"rendered":"<p>W pierwsz\u0105 niedziel\u0119 czerwca odby\u0142a si\u0119 w naszej parafii promocja 9 nowych ministrant\u00f3w.\u00a0 Mszy \u015bw. przewodniczy\u0142 opiekun\u00a0 ks. Piotr, a ks. Proboszcz w trakcie Eucharystii uroczy\u015bcie wypromowa\u0142 nowych cz\u0142onk\u00f3w\u00a0Liturgicznej S\u0142u\u017cby &#8230;<\/p>\n","protected":false},"author":7,"featured_media":0,"comment_status":"closed","ping_status":"open","sticky":false,"template":"","format":"standard","meta":[],"categories":[10],"tags":[],"_links":{"self":[{"href":"http:\/\/www.mbnp.archidiecezja.wroc.pl\/index.php?rest_route=\/wp\/v2\/posts\/3191"}],"collection":[{"href":"http:\/\/www.mbnp.archidiecezja.wroc.pl\/index.php?rest_route=\/wp\/v2\/posts"}],"about":[{"href":"http:\/\/www.mbnp.archidiecezja.wroc.pl\/index.php?rest_route=\/wp\/v2\/types\/post"}],"author":[{"embeddable":true,"href":"http:\/\/www.mbnp.archidiecezja.wroc.pl\/index.php?rest_route=\/wp\/v2\/users\/7"}],"replies":[{"embeddable":true,"href":"http:\/\/www.mbnp.archidiecezja.wroc.pl\/index.php?rest_route=%2Fwp%2Fv2%2Fcomments&post=3191"}],"version-history":[{"count":2,"href":"http:\/\/www.mbnp.archidiecezja.wroc.pl\/index.php?rest_route=\/wp\/v2\/posts\/3191\/revisions"}],"predecessor-version":[{"id":3194,"href":"http:\/\/www.mbnp.archidiecezja.wroc.pl\/index.php?rest_route=\/wp\/v2\/posts\/3191\/revisions\/3194"}],"wp:attachment":[{"href":"http:\/\/www.mbnp.archidiecezja.wroc.pl\/index.php?rest_route=%2Fwp%2Fv2%2Fmedia&parent=3191"}],"wp:term":[{"taxonomy":"category","embeddable":true,"href":"http:\/\/www.mbnp.archidiecezja.wroc.pl\/index.php?rest_route=%2Fwp%2Fv2%2Fcategories&post=3191"},{"taxonomy":"post_tag","embeddable":true,"href":"http:\/\/www.mbnp.archidiecezja.wroc.pl\/index.php?rest_route=%2Fwp%2Fv2%2Ftags&post=3191"}],"curies":[{"name":"wp","href":"https:\/\/api.w.org\/{rel}","templated":true}]}}