{"id":3188,"date":"2018-06-09T10:53:49","date_gmt":"2018-06-09T08:53:49","guid":{"rendered":"http:\/\/www.mbnp.archidiecezja.wroc.pl\/?p=3188"},"modified":"2024-05-04T02:03:19","modified_gmt":"2024-05-04T00:03:19","slug":"boze-cialo-31-05-2018","status":"publish","type":"post","link":"http:\/\/www.mbnp.archidiecezja.wroc.pl\/?p=3188","title":{"rendered":"Bo\u017ce Cia\u0142o 31.05.2018"},"content":{"rendered":"<p>Tradycyjne w trakcie uroczysto\u015bci Bo\u017cego Cia\u0142a, wyruszy\u0142a ulicami naszego osiedla procesja. W tym roku towarzyszy\u0142a nam orkiestra. Poni\u017cej prezentujemy galeri\u0119 zdj\u0119\u0107 z tej uroczysto\u015bci.<\/p>\n<p style=\"text-align: center;\"><a href=\"http:\/\/www.mbnp.archidiecezja.wroc.pl\/wp-content\/uploads\/2018\/06\/DSC01515.jpg\" rel=\"lightbox[3188]\"><img decoding=\"async\" loading=\"lazy\" class=\"aligncenter size-full wp-image-3189\" src=\"http:\/\/www.mbnp.archidiecezja.wroc.pl\/wp-content\/uploads\/2018\/06\/DSC01515.jpg\" alt=\"DSC01515\" width=\"919\" height=\"613\" srcset=\"http:\/\/www.mbnp.archidiecezja.wroc.pl\/wp-content\/uploads\/2018\/06\/DSC01515.jpg 919w, http:\/\/www.mbnp.archidiecezja.wroc.pl\/wp-content\/uploads\/2018\/06\/DSC01515-300x200.jpg 300w\" sizes=\"(max-width: 919px) 100vw, 919px\" \/><\/a><\/p>\n<p style=\"text-align: center;\"><a href=\"http:\/\/www.mbnp.archidiecezja.wroc.pl\/?page_id=2964&amp;album=6562140302359211361\">GALERIA<\/a><\/p>\n","protected":false},"excerpt":{"rendered":"<p>Tradycyjne w trakcie uroczysto\u015bci Bo\u017cego Cia\u0142a, wyruszy\u0142a ulicami naszego osiedla procesja. W tym roku towarzyszy\u0142a nam orkiestra. Poni\u017cej prezentujemy galeri\u0119 zdj\u0119\u0107 z tej uroczysto\u015bci. GALERIA<\/p>\n","protected":false},"author":7,"featured_media":0,"comment_status":"closed","ping_status":"open","sticky":false,"template":"","format":"standard","meta":[],"categories":[10],"tags":[],"_links":{"self":[{"href":"http:\/\/www.mbnp.archidiecezja.wroc.pl\/index.php?rest_route=\/wp\/v2\/posts\/3188"}],"collection":[{"href":"http:\/\/www.mbnp.archidiecezja.wroc.pl\/index.php?rest_route=\/wp\/v2\/posts"}],"about":[{"href":"http:\/\/www.mbnp.archidiecezja.wroc.pl\/index.php?rest_route=\/wp\/v2\/types\/post"}],"author":[{"embeddable":true,"href":"http:\/\/www.mbnp.archidiecezja.wroc.pl\/index.php?rest_route=\/wp\/v2\/users\/7"}],"replies":[{"embeddable":true,"href":"http:\/\/www.mbnp.archidiecezja.wroc.pl\/index.php?rest_route=%2Fwp%2Fv2%2Fcomments&post=3188"}],"version-history":[{"count":1,"href":"http:\/\/www.mbnp.archidiecezja.wroc.pl\/index.php?rest_route=\/wp\/v2\/posts\/3188\/revisions"}],"predecessor-version":[{"id":3190,"href":"http:\/\/www.mbnp.archidiecezja.wroc.pl\/index.php?rest_route=\/wp\/v2\/posts\/3188\/revisions\/3190"}],"wp:attachment":[{"href":"http:\/\/www.mbnp.archidiecezja.wroc.pl\/index.php?rest_route=%2Fwp%2Fv2%2Fmedia&parent=3188"}],"wp:term":[{"taxonomy":"category","embeddable":true,"href":"http:\/\/www.mbnp.archidiecezja.wroc.pl\/index.php?rest_route=%2Fwp%2Fv2%2Fcategories&post=3188"},{"taxonomy":"post_tag","embeddable":true,"href":"http:\/\/www.mbnp.archidiecezja.wroc.pl\/index.php?rest_route=%2Fwp%2Fv2%2Ftags&post=3188"}],"curies":[{"name":"wp","href":"https:\/\/api.w.org\/{rel}","templated":true}]}}