{"id":3184,"date":"2018-06-09T10:12:09","date_gmt":"2018-06-09T08:12:09","guid":{"rendered":"http:\/\/www.mbnp.archidiecezja.wroc.pl\/?p=3184"},"modified":"2024-05-03T23:45:01","modified_gmt":"2024-05-03T21:45:01","slug":"nabor-do-szkoly-podstawowej-nr-28","status":"publish","type":"post","link":"http:\/\/www.mbnp.archidiecezja.wroc.pl\/?p=3184","title":{"rendered":"Nab\u00f3r do Szko\u0142y Podstawowej nr 28"},"content":{"rendered":"<p>W zwi\u0105zku ze zwi\u0119kszeniem oddzia\u0142\u00f3w klas pierwszych, dyrektor SP nr 28 przy ul. Greckiej we Wroc\u0142awiu informuje, \u017ce s\u0105 jeszcze wolne miejsce w klasie pierwszej i w oddziale przedszkolnym. Szczeg\u00f3\u0142owe informacje w sekretariacie szko\u0142y.<\/p>\n<p><a href=\"http:\/\/www.mbnp.archidiecezja.wroc.pl\/wp-content\/uploads\/2018\/06\/rozpoczelismy-nabor-na-rok-szkolny-2017-2018.jpg\" rel=\"lightbox[3184]\"><img decoding=\"async\" loading=\"lazy\" class=\"aligncenter size-full wp-image-3185\" src=\"http:\/\/www.mbnp.archidiecezja.wroc.pl\/wp-content\/uploads\/2018\/06\/rozpoczelismy-nabor-na-rok-szkolny-2017-2018.jpg\" alt=\"rozpoczelismy-nabor-na-rok-szkolny-2017-2018\" width=\"800\" height=\"343\" srcset=\"http:\/\/www.mbnp.archidiecezja.wroc.pl\/wp-content\/uploads\/2018\/06\/rozpoczelismy-nabor-na-rok-szkolny-2017-2018.jpg 800w, http:\/\/www.mbnp.archidiecezja.wroc.pl\/wp-content\/uploads\/2018\/06\/rozpoczelismy-nabor-na-rok-szkolny-2017-2018-300x129.jpg 300w\" sizes=\"(max-width: 800px) 100vw, 800px\" \/><\/a><\/p>\n","protected":false},"excerpt":{"rendered":"<p>W zwi\u0105zku ze zwi\u0119kszeniem oddzia\u0142\u00f3w klas pierwszych, dyrektor SP nr 28 przy ul. Greckiej we Wroc\u0142awiu informuje, \u017ce s\u0105 jeszcze wolne miejsce w klasie pierwszej i w oddziale przedszkolnym. Szczeg\u00f3\u0142owe &#8230;<\/p>\n","protected":false},"author":7,"featured_media":0,"comment_status":"closed","ping_status":"open","sticky":false,"template":"","format":"standard","meta":[],"categories":[10],"tags":[],"_links":{"self":[{"href":"http:\/\/www.mbnp.archidiecezja.wroc.pl\/index.php?rest_route=\/wp\/v2\/posts\/3184"}],"collection":[{"href":"http:\/\/www.mbnp.archidiecezja.wroc.pl\/index.php?rest_route=\/wp\/v2\/posts"}],"about":[{"href":"http:\/\/www.mbnp.archidiecezja.wroc.pl\/index.php?rest_route=\/wp\/v2\/types\/post"}],"author":[{"embeddable":true,"href":"http:\/\/www.mbnp.archidiecezja.wroc.pl\/index.php?rest_route=\/wp\/v2\/users\/7"}],"replies":[{"embeddable":true,"href":"http:\/\/www.mbnp.archidiecezja.wroc.pl\/index.php?rest_route=%2Fwp%2Fv2%2Fcomments&post=3184"}],"version-history":[{"count":1,"href":"http:\/\/www.mbnp.archidiecezja.wroc.pl\/index.php?rest_route=\/wp\/v2\/posts\/3184\/revisions"}],"predecessor-version":[{"id":3186,"href":"http:\/\/www.mbnp.archidiecezja.wroc.pl\/index.php?rest_route=\/wp\/v2\/posts\/3184\/revisions\/3186"}],"wp:attachment":[{"href":"http:\/\/www.mbnp.archidiecezja.wroc.pl\/index.php?rest_route=%2Fwp%2Fv2%2Fmedia&parent=3184"}],"wp:term":[{"taxonomy":"category","embeddable":true,"href":"http:\/\/www.mbnp.archidiecezja.wroc.pl\/index.php?rest_route=%2Fwp%2Fv2%2Fcategories&post=3184"},{"taxonomy":"post_tag","embeddable":true,"href":"http:\/\/www.mbnp.archidiecezja.wroc.pl\/index.php?rest_route=%2Fwp%2Fv2%2Ftags&post=3184"}],"curies":[{"name":"wp","href":"https:\/\/api.w.org\/{rel}","templated":true}]}}