{"id":3177,"date":"2018-06-02T08:16:33","date_gmt":"2018-06-02T06:16:33","guid":{"rendered":"http:\/\/www.mbnp.archidiecezja.wroc.pl\/?p=3177"},"modified":"2024-05-03T23:43:45","modified_gmt":"2024-05-03T21:43:45","slug":"wizyta-s-hanny-gnatowskiej","status":"publish","type":"post","link":"http:\/\/www.mbnp.archidiecezja.wroc.pl\/?p=3177","title":{"rendered":"Wizyta s. Hanny Gnatowskiej"},"content":{"rendered":"<p>W niedziel\u0119 10 czerwca po raz drugi w naszej parafii b\u0119dzie go\u015bci\u0142a s. Hanna Gnatowska. W trakcie Mszy \u015bw.\u00a0podzieli si\u0119 z nami swoimi prze\u017cyciami z pracy z dzie\u0107mi w afryka\u0144skiej d\u017cungli. Po Mszach \u015bw. b\u0119dzie mo\u017cna wspom\u00f3c jej pos\u0142ug\u0119 w Kamerunie.<\/p>\n<p><a href=\"http:\/\/www.mbnp.archidiecezja.wroc.pl\/wp-content\/uploads\/2018\/06\/Obraz2.jpg\" rel=\"lightbox[3177]\"><img decoding=\"async\" loading=\"lazy\" class=\"aligncenter size-large wp-image-3178\" src=\"http:\/\/www.mbnp.archidiecezja.wroc.pl\/wp-content\/uploads\/2018\/06\/Obraz2-1024x768.jpg\" alt=\"Obraz2\" width=\"648\" height=\"486\" srcset=\"http:\/\/www.mbnp.archidiecezja.wroc.pl\/wp-content\/uploads\/2018\/06\/Obraz2-1024x768.jpg 1024w, http:\/\/www.mbnp.archidiecezja.wroc.pl\/wp-content\/uploads\/2018\/06\/Obraz2-300x225.jpg 300w, http:\/\/www.mbnp.archidiecezja.wroc.pl\/wp-content\/uploads\/2018\/06\/Obraz2.jpg 1502w\" sizes=\"(max-width: 648px) 100vw, 648px\" \/><\/a><\/p>\n","protected":false},"excerpt":{"rendered":"<p>W niedziel\u0119 10 czerwca po raz drugi w naszej parafii b\u0119dzie go\u015bci\u0142a s. Hanna Gnatowska. W trakcie Mszy \u015bw.\u00a0podzieli si\u0119 z nami swoimi prze\u017cyciami z pracy z dzie\u0107mi w afryka\u0144skiej &#8230;<\/p>\n","protected":false},"author":7,"featured_media":0,"comment_status":"closed","ping_status":"open","sticky":false,"template":"","format":"standard","meta":[],"categories":[10],"tags":[],"_links":{"self":[{"href":"http:\/\/www.mbnp.archidiecezja.wroc.pl\/index.php?rest_route=\/wp\/v2\/posts\/3177"}],"collection":[{"href":"http:\/\/www.mbnp.archidiecezja.wroc.pl\/index.php?rest_route=\/wp\/v2\/posts"}],"about":[{"href":"http:\/\/www.mbnp.archidiecezja.wroc.pl\/index.php?rest_route=\/wp\/v2\/types\/post"}],"author":[{"embeddable":true,"href":"http:\/\/www.mbnp.archidiecezja.wroc.pl\/index.php?rest_route=\/wp\/v2\/users\/7"}],"replies":[{"embeddable":true,"href":"http:\/\/www.mbnp.archidiecezja.wroc.pl\/index.php?rest_route=%2Fwp%2Fv2%2Fcomments&post=3177"}],"version-history":[{"count":1,"href":"http:\/\/www.mbnp.archidiecezja.wroc.pl\/index.php?rest_route=\/wp\/v2\/posts\/3177\/revisions"}],"predecessor-version":[{"id":3179,"href":"http:\/\/www.mbnp.archidiecezja.wroc.pl\/index.php?rest_route=\/wp\/v2\/posts\/3177\/revisions\/3179"}],"wp:attachment":[{"href":"http:\/\/www.mbnp.archidiecezja.wroc.pl\/index.php?rest_route=%2Fwp%2Fv2%2Fmedia&parent=3177"}],"wp:term":[{"taxonomy":"category","embeddable":true,"href":"http:\/\/www.mbnp.archidiecezja.wroc.pl\/index.php?rest_route=%2Fwp%2Fv2%2Fcategories&post=3177"},{"taxonomy":"post_tag","embeddable":true,"href":"http:\/\/www.mbnp.archidiecezja.wroc.pl\/index.php?rest_route=%2Fwp%2Fv2%2Ftags&post=3177"}],"curies":[{"name":"wp","href":"https:\/\/api.w.org\/{rel}","templated":true}]}}