{"id":3153,"date":"2018-05-05T12:10:58","date_gmt":"2018-05-05T10:10:58","guid":{"rendered":"http:\/\/www.mbnp.archidiecezja.wroc.pl\/?p=3153"},"modified":"2024-05-03T18:32:35","modified_gmt":"2024-05-03T16:32:35","slug":"majowy-wyjazd-ministrantow-i-ich-rodzicow","status":"publish","type":"post","link":"http:\/\/www.mbnp.archidiecezja.wroc.pl\/?p=3153","title":{"rendered":"Majowy wyjazd ministrant\u00f3w i ich rodzic\u00f3w"},"content":{"rendered":"<p>W majowy weekend ministranci z naszej parafii wraz ze swoimi rodzicami oraz swoim opiekunem ks. Piotrem, udali si\u0119 do Berlina. Opr\u00f3cz zwiedzania stolicy Niemiec, odwiedzili Tropikaln\u0105 Wysp\u0119, na kt\u00f3rej wsp\u00f3lnie sp\u0119dzili czas w cieniu palm i w blisko\u015bci b\u0142\u0119kitnej wody.<\/p>\n<p><a href=\"http:\/\/www.mbnp.archidiecezja.wroc.pl\/wp-content\/uploads\/2018\/05\/20180429_094229-e1525514733682.jpg\" rel=\"lightbox[3153]\"><img decoding=\"async\" loading=\"lazy\" class=\"aligncenter size-large wp-image-3154\" src=\"http:\/\/www.mbnp.archidiecezja.wroc.pl\/wp-content\/uploads\/2018\/05\/20180429_094229-e1525514733682-768x1024.jpg\" alt=\"20180429_094229\" width=\"648\" height=\"864\" srcset=\"http:\/\/www.mbnp.archidiecezja.wroc.pl\/wp-content\/uploads\/2018\/05\/20180429_094229-e1525514733682-768x1024.jpg 768w, http:\/\/www.mbnp.archidiecezja.wroc.pl\/wp-content\/uploads\/2018\/05\/20180429_094229-e1525514733682-225x300.jpg 225w\" sizes=\"(max-width: 648px) 100vw, 648px\" \/><\/a><\/p>\n<p style=\"text-align: center;\"><a href=\"http:\/\/www.mbnp.archidiecezja.wroc.pl\/?page_id=409&amp;album=6552035446648460881\">GALERIA<\/a><\/p>\n","protected":false},"excerpt":{"rendered":"<p>W majowy weekend ministranci z naszej parafii wraz ze swoimi rodzicami oraz swoim opiekunem ks. Piotrem, udali si\u0119 do Berlina. Opr\u00f3cz zwiedzania stolicy Niemiec, odwiedzili Tropikaln\u0105 Wysp\u0119, na kt\u00f3rej wsp\u00f3lnie &#8230;<\/p>\n","protected":false},"author":7,"featured_media":0,"comment_status":"closed","ping_status":"open","sticky":false,"template":"","format":"standard","meta":[],"categories":[10],"tags":[],"_links":{"self":[{"href":"http:\/\/www.mbnp.archidiecezja.wroc.pl\/index.php?rest_route=\/wp\/v2\/posts\/3153"}],"collection":[{"href":"http:\/\/www.mbnp.archidiecezja.wroc.pl\/index.php?rest_route=\/wp\/v2\/posts"}],"about":[{"href":"http:\/\/www.mbnp.archidiecezja.wroc.pl\/index.php?rest_route=\/wp\/v2\/types\/post"}],"author":[{"embeddable":true,"href":"http:\/\/www.mbnp.archidiecezja.wroc.pl\/index.php?rest_route=\/wp\/v2\/users\/7"}],"replies":[{"embeddable":true,"href":"http:\/\/www.mbnp.archidiecezja.wroc.pl\/index.php?rest_route=%2Fwp%2Fv2%2Fcomments&post=3153"}],"version-history":[{"count":1,"href":"http:\/\/www.mbnp.archidiecezja.wroc.pl\/index.php?rest_route=\/wp\/v2\/posts\/3153\/revisions"}],"predecessor-version":[{"id":3155,"href":"http:\/\/www.mbnp.archidiecezja.wroc.pl\/index.php?rest_route=\/wp\/v2\/posts\/3153\/revisions\/3155"}],"wp:attachment":[{"href":"http:\/\/www.mbnp.archidiecezja.wroc.pl\/index.php?rest_route=%2Fwp%2Fv2%2Fmedia&parent=3153"}],"wp:term":[{"taxonomy":"category","embeddable":true,"href":"http:\/\/www.mbnp.archidiecezja.wroc.pl\/index.php?rest_route=%2Fwp%2Fv2%2Fcategories&post=3153"},{"taxonomy":"post_tag","embeddable":true,"href":"http:\/\/www.mbnp.archidiecezja.wroc.pl\/index.php?rest_route=%2Fwp%2Fv2%2Ftags&post=3153"}],"curies":[{"name":"wp","href":"https:\/\/api.w.org\/{rel}","templated":true}]}}