{"id":3148,"date":"2018-05-01T09:18:41","date_gmt":"2018-05-01T07:18:41","guid":{"rendered":"http:\/\/www.mbnp.archidiecezja.wroc.pl\/?p=3148"},"modified":"2024-05-03T18:31:54","modified_gmt":"2024-05-03T16:31:54","slug":"dyspensa","status":"publish","type":"post","link":"http:\/\/www.mbnp.archidiecezja.wroc.pl\/?p=3148","title":{"rendered":"Dyspensa"},"content":{"rendered":"<p>Metropolita Wroc\u0142awski Arcybiskup J\u00f3zef Kupny udzieli\u0142\u00a0<strong>dyspensy\u00a0<\/strong>od wstrzemi\u0119\u017aliwo\u015bci od pokarm\u00f3w mi\u0119snych\u00a0<strong>na pi\u0105tek, 4 maja 2018 r.<\/strong><\/p>\n<p><strong>ks. dr Jacek Froniewski<br \/>\n<\/strong>Kanclerz Kurii Metropolitalnej Wroc\u0142awskiej<\/p>\n<p style=\"text-align: center;\"><a href=\"http:\/\/www.mbnp.archidiecezja.wroc.pl\/wp-content\/uploads\/2018\/05\/dyspensa.jpg\" rel=\"lightbox[3148]\"><img decoding=\"async\" loading=\"lazy\" class=\"aligncenter size-full wp-image-3149\" src=\"http:\/\/www.mbnp.archidiecezja.wroc.pl\/wp-content\/uploads\/2018\/05\/dyspensa.jpg\" alt=\"dyspensa\" width=\"753\" height=\"391\" srcset=\"http:\/\/www.mbnp.archidiecezja.wroc.pl\/wp-content\/uploads\/2018\/05\/dyspensa.jpg 753w, http:\/\/www.mbnp.archidiecezja.wroc.pl\/wp-content\/uploads\/2018\/05\/dyspensa-300x156.jpg 300w\" sizes=\"(max-width: 753px) 100vw, 753px\" \/><\/a><\/p>\n","protected":false},"excerpt":{"rendered":"<p>Metropolita Wroc\u0142awski Arcybiskup J\u00f3zef Kupny udzieli\u0142\u00a0dyspensy\u00a0od wstrzemi\u0119\u017aliwo\u015bci od pokarm\u00f3w mi\u0119snych\u00a0na pi\u0105tek, 4 maja 2018 r. ks. dr Jacek Froniewski Kanclerz Kurii Metropolitalnej Wroc\u0142awskiej<\/p>\n","protected":false},"author":7,"featured_media":0,"comment_status":"closed","ping_status":"open","sticky":false,"template":"","format":"standard","meta":[],"categories":[10],"tags":[],"_links":{"self":[{"href":"http:\/\/www.mbnp.archidiecezja.wroc.pl\/index.php?rest_route=\/wp\/v2\/posts\/3148"}],"collection":[{"href":"http:\/\/www.mbnp.archidiecezja.wroc.pl\/index.php?rest_route=\/wp\/v2\/posts"}],"about":[{"href":"http:\/\/www.mbnp.archidiecezja.wroc.pl\/index.php?rest_route=\/wp\/v2\/types\/post"}],"author":[{"embeddable":true,"href":"http:\/\/www.mbnp.archidiecezja.wroc.pl\/index.php?rest_route=\/wp\/v2\/users\/7"}],"replies":[{"embeddable":true,"href":"http:\/\/www.mbnp.archidiecezja.wroc.pl\/index.php?rest_route=%2Fwp%2Fv2%2Fcomments&post=3148"}],"version-history":[{"count":1,"href":"http:\/\/www.mbnp.archidiecezja.wroc.pl\/index.php?rest_route=\/wp\/v2\/posts\/3148\/revisions"}],"predecessor-version":[{"id":3150,"href":"http:\/\/www.mbnp.archidiecezja.wroc.pl\/index.php?rest_route=\/wp\/v2\/posts\/3148\/revisions\/3150"}],"wp:attachment":[{"href":"http:\/\/www.mbnp.archidiecezja.wroc.pl\/index.php?rest_route=%2Fwp%2Fv2%2Fmedia&parent=3148"}],"wp:term":[{"taxonomy":"category","embeddable":true,"href":"http:\/\/www.mbnp.archidiecezja.wroc.pl\/index.php?rest_route=%2Fwp%2Fv2%2Fcategories&post=3148"},{"taxonomy":"post_tag","embeddable":true,"href":"http:\/\/www.mbnp.archidiecezja.wroc.pl\/index.php?rest_route=%2Fwp%2Fv2%2Ftags&post=3148"}],"curies":[{"name":"wp","href":"https:\/\/api.w.org\/{rel}","templated":true}]}}