{"id":3120,"date":"2018-03-31T18:55:38","date_gmt":"2018-03-31T16:55:38","guid":{"rendered":"http:\/\/www.mbnp.archidiecezja.wroc.pl\/?p=3120"},"modified":"2024-05-03T18:30:50","modified_gmt":"2024-05-03T16:30:50","slug":"zyczenia-3","status":"publish","type":"post","link":"http:\/\/www.mbnp.archidiecezja.wroc.pl\/?p=3120","title":{"rendered":"\u017byczenia"},"content":{"rendered":"<p><a href=\"http:\/\/www.mbnp.archidiecezja.wroc.pl\/wp-content\/uploads\/2018\/03\/wielkanoc2018.jpg\" rel=\"lightbox[3120]\"><img decoding=\"async\" loading=\"lazy\" class=\"aligncenter size-full wp-image-3121\" src=\"http:\/\/www.mbnp.archidiecezja.wroc.pl\/wp-content\/uploads\/2018\/03\/wielkanoc2018.jpg\" alt=\"wielkanoc2018\" width=\"380\" height=\"512\" srcset=\"http:\/\/www.mbnp.archidiecezja.wroc.pl\/wp-content\/uploads\/2018\/03\/wielkanoc2018.jpg 380w, http:\/\/www.mbnp.archidiecezja.wroc.pl\/wp-content\/uploads\/2018\/03\/wielkanoc2018-223x300.jpg 223w\" sizes=\"(max-width: 380px) 100vw, 380px\" \/><\/a><\/p>\n<p style=\"text-align: center;\">Duszpasterze parafii pw. Naj\u015bwi\u0119tszej Maryi Nieustaj\u0105cej Pomocy we Wroc\u0142awiu<\/p>\n<p style=\"text-align: center;\">pragn\u0105 \u017cyczy\u0107<\/p>\n<p style=\"text-align: center;\">b\u0142ogos\u0142awionych, pe\u0142nych rodzinnego ciep\u0142a i rado\u015bci serca<\/p>\n<p style=\"text-align: center;\">\u015awi\u0105t Paschy Chrystusowej.<\/p>\n<p style=\"text-align: center;\">Niech ten wyj\u0105tkowy czas b\u0119dzie okazj\u0105 do odnowy,<\/p>\n<p style=\"text-align: center;\">umocnienia i g\u0142\u0119bokiego do\u015bwiadczenia obecno\u015bci<\/p>\n<p style=\"text-align: center;\">Zmartwychwsta\u0142ego Pana!<\/p>\n","protected":false},"excerpt":{"rendered":"<p>Duszpasterze parafii pw. Naj\u015bwi\u0119tszej Maryi Nieustaj\u0105cej Pomocy we Wroc\u0142awiu pragn\u0105 \u017cyczy\u0107 b\u0142ogos\u0142awionych, pe\u0142nych rodzinnego ciep\u0142a i rado\u015bci serca \u015awi\u0105t Paschy Chrystusowej. Niech ten wyj\u0105tkowy czas b\u0119dzie okazj\u0105 do odnowy, umocnienia &#8230;<\/p>\n","protected":false},"author":7,"featured_media":0,"comment_status":"closed","ping_status":"open","sticky":false,"template":"","format":"standard","meta":[],"categories":[10],"tags":[],"_links":{"self":[{"href":"http:\/\/www.mbnp.archidiecezja.wroc.pl\/index.php?rest_route=\/wp\/v2\/posts\/3120"}],"collection":[{"href":"http:\/\/www.mbnp.archidiecezja.wroc.pl\/index.php?rest_route=\/wp\/v2\/posts"}],"about":[{"href":"http:\/\/www.mbnp.archidiecezja.wroc.pl\/index.php?rest_route=\/wp\/v2\/types\/post"}],"author":[{"embeddable":true,"href":"http:\/\/www.mbnp.archidiecezja.wroc.pl\/index.php?rest_route=\/wp\/v2\/users\/7"}],"replies":[{"embeddable":true,"href":"http:\/\/www.mbnp.archidiecezja.wroc.pl\/index.php?rest_route=%2Fwp%2Fv2%2Fcomments&post=3120"}],"version-history":[{"count":1,"href":"http:\/\/www.mbnp.archidiecezja.wroc.pl\/index.php?rest_route=\/wp\/v2\/posts\/3120\/revisions"}],"predecessor-version":[{"id":3122,"href":"http:\/\/www.mbnp.archidiecezja.wroc.pl\/index.php?rest_route=\/wp\/v2\/posts\/3120\/revisions\/3122"}],"wp:attachment":[{"href":"http:\/\/www.mbnp.archidiecezja.wroc.pl\/index.php?rest_route=%2Fwp%2Fv2%2Fmedia&parent=3120"}],"wp:term":[{"taxonomy":"category","embeddable":true,"href":"http:\/\/www.mbnp.archidiecezja.wroc.pl\/index.php?rest_route=%2Fwp%2Fv2%2Fcategories&post=3120"},{"taxonomy":"post_tag","embeddable":true,"href":"http:\/\/www.mbnp.archidiecezja.wroc.pl\/index.php?rest_route=%2Fwp%2Fv2%2Ftags&post=3120"}],"curies":[{"name":"wp","href":"https:\/\/api.w.org\/{rel}","templated":true}]}}