{"id":311,"date":"2015-11-27T16:09:49","date_gmt":"2015-11-27T15:09:49","guid":{"rendered":"http:\/\/www.mbnp.archidiecezja.wroc.pl\/wordpress\/?p=311"},"modified":"2016-02-25T23:34:41","modified_gmt":"2016-02-25T22:34:41","slug":"rekolekcje-liturgicznej-sluzby-oltarza-trzebnica-27-29-xi-2015-r","status":"publish","type":"post","link":"http:\/\/www.mbnp.archidiecezja.wroc.pl\/?p=311","title":{"rendered":"Rekolekcje Liturgicznej S\u0142u\u017cby O\u0142tarza Trzebnica 27-29 XI 2015 r."},"content":{"rendered":"<p style=\"text-align: center;\">Starsi ministranci z naszej parafii wraz ze swoim opiekunem ks. Piotrem<\/p>\n<p style=\"text-align: center;\">przebywali na trzy dniowych rekolekcjach przygotowuj\u0105cych ich do dobrego prze\u017cycia<\/p>\n<p style=\"text-align: center;\">Adwentu i Bo\u017cego Narodzenia. \u015awi\u0119te \u0107wiczenia rekolekcyjne prowadzi\u0142<\/p>\n<p style=\"text-align: center;\">ks. Daniel Podulka SDB ze \u015arody \u015al\u0105skiej.<\/p>\n<p style=\"text-align: center;\">W programie rekolekcji opr\u00f3cz Konferencji znalaz\u0142y si\u0119 m.in.<\/p>\n<p style=\"text-align: center;\">wsp\u00f3lna modlitwa, Droga Krzy\u017cowa czy Adoracja Naj\u015bwi\u0119tszego Sakramentu.<\/p>\n<p style=\"text-align: center;\">Na zako\u0144czenie rekolekcji ministranci uczestniczyli we Mszy \u015bw. w Bazylice Trzebnickiej,<\/p>\n<p style=\"text-align: center;\">kt\u00f3rej przewodniczy\u0142 tamtejszy Proboszcz ks. Jerzy Olsz\u00f3wka SDS.<\/p>\n<p style=\"text-align: center;\">Za pomoc w organizacji wyjazdu serdecznie dzi\u0119kujemy<\/p>\n<p style=\"text-align: center;\">ks. Proboszczowi Zbigniewowi Ordzie.<\/p>\n<h3 style=\"text-align: center;\"><a href=\"http:\/\/www.mbnp.archidiecezja.wroc.pl\/?page_id=176&amp;album=2015LSORekolekcjeMinistrantowWTrzebnicy2729112015\">GALERIA<\/a><\/h3>\n<p><a href=\"http:\/\/www.mbnp.archidiecezja.wroc.pl\/wp-content\/uploads\/2015\/12\/trz2015.jpg\" rel=\"lightbox[311]\"><img decoding=\"async\" loading=\"lazy\" class=\"aligncenter wp-image-312 size-large\" src=\"http:\/\/www.mbnp.archidiecezja.wroc.pl\/wp-content\/uploads\/2015\/12\/trz2015-1024x768.jpg\" alt=\"OLYMPUS DIGITAL CAMERA\" width=\"648\" height=\"486\" srcset=\"http:\/\/www.mbnp.archidiecezja.wroc.pl\/wp-content\/uploads\/2015\/12\/trz2015.jpg 1024w, http:\/\/www.mbnp.archidiecezja.wroc.pl\/wp-content\/uploads\/2015\/12\/trz2015-300x225.jpg 300w\" sizes=\"(max-width: 648px) 100vw, 648px\" \/><\/a><\/p>\n","protected":false},"excerpt":{"rendered":"<p>Starsi ministranci z naszej parafii wraz ze swoim opiekunem ks. Piotrem przebywali na trzy dniowych rekolekcjach przygotowuj\u0105cych ich do dobrego prze\u017cycia Adwentu i Bo\u017cego Narodzenia. \u015awi\u0119te \u0107wiczenia rekolekcyjne prowadzi\u0142 ks. &#8230;<\/p>\n","protected":false},"author":7,"featured_media":0,"comment_status":"closed","ping_status":"open","sticky":false,"template":"","format":"standard","meta":[],"categories":[10],"tags":[],"_links":{"self":[{"href":"http:\/\/www.mbnp.archidiecezja.wroc.pl\/index.php?rest_route=\/wp\/v2\/posts\/311"}],"collection":[{"href":"http:\/\/www.mbnp.archidiecezja.wroc.pl\/index.php?rest_route=\/wp\/v2\/posts"}],"about":[{"href":"http:\/\/www.mbnp.archidiecezja.wroc.pl\/index.php?rest_route=\/wp\/v2\/types\/post"}],"author":[{"embeddable":true,"href":"http:\/\/www.mbnp.archidiecezja.wroc.pl\/index.php?rest_route=\/wp\/v2\/users\/7"}],"replies":[{"embeddable":true,"href":"http:\/\/www.mbnp.archidiecezja.wroc.pl\/index.php?rest_route=%2Fwp%2Fv2%2Fcomments&post=311"}],"version-history":[{"count":7,"href":"http:\/\/www.mbnp.archidiecezja.wroc.pl\/index.php?rest_route=\/wp\/v2\/posts\/311\/revisions"}],"predecessor-version":[{"id":1225,"href":"http:\/\/www.mbnp.archidiecezja.wroc.pl\/index.php?rest_route=\/wp\/v2\/posts\/311\/revisions\/1225"}],"wp:attachment":[{"href":"http:\/\/www.mbnp.archidiecezja.wroc.pl\/index.php?rest_route=%2Fwp%2Fv2%2Fmedia&parent=311"}],"wp:term":[{"taxonomy":"category","embeddable":true,"href":"http:\/\/www.mbnp.archidiecezja.wroc.pl\/index.php?rest_route=%2Fwp%2Fv2%2Fcategories&post=311"},{"taxonomy":"post_tag","embeddable":true,"href":"http:\/\/www.mbnp.archidiecezja.wroc.pl\/index.php?rest_route=%2Fwp%2Fv2%2Ftags&post=311"}],"curies":[{"name":"wp","href":"https:\/\/api.w.org\/{rel}","templated":true}]}}