{"id":3107,"date":"2018-03-26T08:54:53","date_gmt":"2018-03-26T06:54:53","guid":{"rendered":"http:\/\/www.mbnp.archidiecezja.wroc.pl\/?p=3107"},"modified":"2024-05-03T18:30:13","modified_gmt":"2024-05-03T16:30:13","slug":"noc-konfesjonalow","status":"publish","type":"post","link":"http:\/\/www.mbnp.archidiecezja.wroc.pl\/?p=3107","title":{"rendered":"NOC KONFESJONA\u0141\u00d3W"},"content":{"rendered":"<p><strong>Ju\u017c po raz dziewi\u0105ty w Wielkim Tygodniu b\u0119dzie mo\u017cna skorzysta\u0107 z sakramentu pokuty i pojednania w ramach inicjatywy \u201eNoc konfesjona\u0142\u00f3w\u201d. Polega ona na zorganizowaniu spowiedzi trwaj\u0105cej przynajmniej do p\u00f3\u0142nocy. Kap\u0142anom pos\u0142uguj\u0105cym podczas tegorocznej akcji b\u0142ogos\u0142awie\u0144stwa udzieli\u0142 Ojciec \u015awi\u0119ty Franciszek. Wydarzenie obj\u0105\u0142 swoim patronatem przewodnicz\u0105cy Konferencji Episkopatu Polski abp Stanis\u0142aw G\u0105decki.<\/strong><\/p>\n<p>W naszym dekanacie Noc Konfesjona\u0142\u00f3w odb\u0119dzie si\u0119 w parafii pw. \u015bw. Maksymiliana Marii Kolbego w dniu 27 marca w godz. od 21 do 24.<\/p>\n<p style=\"text-align: center;\"><a href=\"http:\/\/www.mbnp.archidiecezja.wroc.pl\/wp-content\/uploads\/2018\/03\/noc_konf_2-678x381.jpg\" rel=\"lightbox[3107]\"><img decoding=\"async\" loading=\"lazy\" class=\"aligncenter size-full wp-image-3108\" src=\"http:\/\/www.mbnp.archidiecezja.wroc.pl\/wp-content\/uploads\/2018\/03\/noc_konf_2-678x381.jpg\" alt=\"noc_konf_2-678x381\" width=\"678\" height=\"381\" srcset=\"http:\/\/www.mbnp.archidiecezja.wroc.pl\/wp-content\/uploads\/2018\/03\/noc_konf_2-678x381.jpg 678w, http:\/\/www.mbnp.archidiecezja.wroc.pl\/wp-content\/uploads\/2018\/03\/noc_konf_2-678x381-300x169.jpg 300w\" sizes=\"(max-width: 678px) 100vw, 678px\" \/><\/a><\/p>\n","protected":false},"excerpt":{"rendered":"<p>Ju\u017c po raz dziewi\u0105ty w Wielkim Tygodniu b\u0119dzie mo\u017cna skorzysta\u0107 z sakramentu pokuty i pojednania w ramach inicjatywy \u201eNoc konfesjona\u0142\u00f3w\u201d. Polega ona na zorganizowaniu spowiedzi trwaj\u0105cej przynajmniej do p\u00f3\u0142nocy. Kap\u0142anom &#8230;<\/p>\n","protected":false},"author":7,"featured_media":0,"comment_status":"closed","ping_status":"open","sticky":false,"template":"","format":"standard","meta":[],"categories":[10],"tags":[],"_links":{"self":[{"href":"http:\/\/www.mbnp.archidiecezja.wroc.pl\/index.php?rest_route=\/wp\/v2\/posts\/3107"}],"collection":[{"href":"http:\/\/www.mbnp.archidiecezja.wroc.pl\/index.php?rest_route=\/wp\/v2\/posts"}],"about":[{"href":"http:\/\/www.mbnp.archidiecezja.wroc.pl\/index.php?rest_route=\/wp\/v2\/types\/post"}],"author":[{"embeddable":true,"href":"http:\/\/www.mbnp.archidiecezja.wroc.pl\/index.php?rest_route=\/wp\/v2\/users\/7"}],"replies":[{"embeddable":true,"href":"http:\/\/www.mbnp.archidiecezja.wroc.pl\/index.php?rest_route=%2Fwp%2Fv2%2Fcomments&post=3107"}],"version-history":[{"count":1,"href":"http:\/\/www.mbnp.archidiecezja.wroc.pl\/index.php?rest_route=\/wp\/v2\/posts\/3107\/revisions"}],"predecessor-version":[{"id":3109,"href":"http:\/\/www.mbnp.archidiecezja.wroc.pl\/index.php?rest_route=\/wp\/v2\/posts\/3107\/revisions\/3109"}],"wp:attachment":[{"href":"http:\/\/www.mbnp.archidiecezja.wroc.pl\/index.php?rest_route=%2Fwp%2Fv2%2Fmedia&parent=3107"}],"wp:term":[{"taxonomy":"category","embeddable":true,"href":"http:\/\/www.mbnp.archidiecezja.wroc.pl\/index.php?rest_route=%2Fwp%2Fv2%2Fcategories&post=3107"},{"taxonomy":"post_tag","embeddable":true,"href":"http:\/\/www.mbnp.archidiecezja.wroc.pl\/index.php?rest_route=%2Fwp%2Fv2%2Ftags&post=3107"}],"curies":[{"name":"wp","href":"https:\/\/api.w.org\/{rel}","templated":true}]}}