{"id":3081,"date":"2018-03-10T16:42:27","date_gmt":"2018-03-10T15:42:27","guid":{"rendered":"http:\/\/www.mbnp.archidiecezja.wroc.pl\/?p=3081"},"modified":"2024-05-08T04:08:43","modified_gmt":"2024-05-08T02:08:43","slug":"odpusty-na-35-lecie-parafii","status":"publish","type":"post","link":"http:\/\/www.mbnp.archidiecezja.wroc.pl\/?p=3081","title":{"rendered":"Odpusty na 35-lecie parafii"},"content":{"rendered":"<p>W zwi\u0105zku z obchodami 35-lecia parafii, Penitencjaria Apostolska z mandatu Ojca \u015awi\u0119tego Franciszka wyrazi\u0142a zgod\u0119 na rok jubileuszowy z do\u0142\u0105czonym do niego odpustem zupe\u0142nym. Obowi\u0105zuje on od 08 marca 2018 do 07 marca 2019.<\/p>\n<p>Poni\u017cej publikujemy tekst dekret\u00f3w.<\/p>\n<p style=\"text-align: center;\"><a href=\"http:\/\/www.mbnp.archidiecezja.wroc.pl\/wp-content\/uploads\/2018\/03\/Dekret1.jpg\" rel=\"lightbox[3081]\"><img decoding=\"async\" loading=\"lazy\" class=\"aligncenter size-medium wp-image-3082\" src=\"http:\/\/www.mbnp.archidiecezja.wroc.pl\/wp-content\/uploads\/2018\/03\/Dekret1-211x300.jpg\" alt=\"Dekret1\" width=\"211\" height=\"300\" srcset=\"http:\/\/www.mbnp.archidiecezja.wroc.pl\/wp-content\/uploads\/2018\/03\/Dekret1-211x300.jpg 211w, http:\/\/www.mbnp.archidiecezja.wroc.pl\/wp-content\/uploads\/2018\/03\/Dekret1-722x1024.jpg 722w\" sizes=\"(max-width: 211px) 100vw, 211px\" \/><\/a><\/p>\n<p style=\"text-align: center;\"><a href=\"http:\/\/www.mbnp.archidiecezja.wroc.pl\/wp-content\/uploads\/2018\/03\/Dekret2.jpg\" rel=\"lightbox[3081]\"><img decoding=\"async\" loading=\"lazy\" class=\"aligncenter size-medium wp-image-3084\" src=\"http:\/\/www.mbnp.archidiecezja.wroc.pl\/wp-content\/uploads\/2018\/03\/Dekret2-211x300.jpg\" alt=\"Dekret2\" width=\"211\" height=\"300\" srcset=\"http:\/\/www.mbnp.archidiecezja.wroc.pl\/wp-content\/uploads\/2018\/03\/Dekret2-211x300.jpg 211w, http:\/\/www.mbnp.archidiecezja.wroc.pl\/wp-content\/uploads\/2018\/03\/Dekret2-722x1024.jpg 722w\" sizes=\"(max-width: 211px) 100vw, 211px\" \/><\/a><\/p>\n<p style=\"text-align: center;\"><a href=\"http:\/\/www.mbnp.archidiecezja.wroc.pl\/wp-content\/uploads\/2018\/03\/Dekret3.jpg\" rel=\"lightbox[3081]\"><img decoding=\"async\" loading=\"lazy\" class=\"aligncenter size-medium wp-image-3085\" src=\"http:\/\/www.mbnp.archidiecezja.wroc.pl\/wp-content\/uploads\/2018\/03\/Dekret3-211x300.jpg\" alt=\"Dekret3\" width=\"211\" height=\"300\" srcset=\"http:\/\/www.mbnp.archidiecezja.wroc.pl\/wp-content\/uploads\/2018\/03\/Dekret3-211x300.jpg 211w, http:\/\/www.mbnp.archidiecezja.wroc.pl\/wp-content\/uploads\/2018\/03\/Dekret3-722x1024.jpg 722w\" sizes=\"(max-width: 211px) 100vw, 211px\" \/><\/a><\/p>\n<p style=\"text-align: center;\"><a href=\"http:\/\/www.mbnp.archidiecezja.wroc.pl\/wp-content\/uploads\/2018\/03\/Dekret4.jpg\" rel=\"lightbox[3081]\"><img decoding=\"async\" loading=\"lazy\" class=\"aligncenter size-medium wp-image-3086\" src=\"http:\/\/www.mbnp.archidiecezja.wroc.pl\/wp-content\/uploads\/2018\/03\/Dekret4-211x300.jpg\" alt=\"Dekret4\" width=\"211\" height=\"300\" srcset=\"http:\/\/www.mbnp.archidiecezja.wroc.pl\/wp-content\/uploads\/2018\/03\/Dekret4-211x300.jpg 211w, http:\/\/www.mbnp.archidiecezja.wroc.pl\/wp-content\/uploads\/2018\/03\/Dekret4-722x1024.jpg 722w\" sizes=\"(max-width: 211px) 100vw, 211px\" \/><\/a><\/p>\n<p style=\"text-align: center;\">\n","protected":false},"excerpt":{"rendered":"<p>W zwi\u0105zku z obchodami 35-lecia parafii, Penitencjaria Apostolska z mandatu Ojca \u015awi\u0119tego Franciszka wyrazi\u0142a zgod\u0119 na rok jubileuszowy z do\u0142\u0105czonym do niego odpustem zupe\u0142nym. Obowi\u0105zuje on od 08 marca 2018 &#8230;<\/p>\n","protected":false},"author":7,"featured_media":0,"comment_status":"closed","ping_status":"open","sticky":false,"template":"","format":"standard","meta":[],"categories":[10],"tags":[],"_links":{"self":[{"href":"http:\/\/www.mbnp.archidiecezja.wroc.pl\/index.php?rest_route=\/wp\/v2\/posts\/3081"}],"collection":[{"href":"http:\/\/www.mbnp.archidiecezja.wroc.pl\/index.php?rest_route=\/wp\/v2\/posts"}],"about":[{"href":"http:\/\/www.mbnp.archidiecezja.wroc.pl\/index.php?rest_route=\/wp\/v2\/types\/post"}],"author":[{"embeddable":true,"href":"http:\/\/www.mbnp.archidiecezja.wroc.pl\/index.php?rest_route=\/wp\/v2\/users\/7"}],"replies":[{"embeddable":true,"href":"http:\/\/www.mbnp.archidiecezja.wroc.pl\/index.php?rest_route=%2Fwp%2Fv2%2Fcomments&post=3081"}],"version-history":[{"count":2,"href":"http:\/\/www.mbnp.archidiecezja.wroc.pl\/index.php?rest_route=\/wp\/v2\/posts\/3081\/revisions"}],"predecessor-version":[{"id":3087,"href":"http:\/\/www.mbnp.archidiecezja.wroc.pl\/index.php?rest_route=\/wp\/v2\/posts\/3081\/revisions\/3087"}],"wp:attachment":[{"href":"http:\/\/www.mbnp.archidiecezja.wroc.pl\/index.php?rest_route=%2Fwp%2Fv2%2Fmedia&parent=3081"}],"wp:term":[{"taxonomy":"category","embeddable":true,"href":"http:\/\/www.mbnp.archidiecezja.wroc.pl\/index.php?rest_route=%2Fwp%2Fv2%2Fcategories&post=3081"},{"taxonomy":"post_tag","embeddable":true,"href":"http:\/\/www.mbnp.archidiecezja.wroc.pl\/index.php?rest_route=%2Fwp%2Fv2%2Ftags&post=3081"}],"curies":[{"name":"wp","href":"https:\/\/api.w.org\/{rel}","templated":true}]}}