{"id":308,"date":"2015-12-18T16:09:13","date_gmt":"2015-12-18T15:09:13","guid":{"rendered":"http:\/\/www.mbnp.archidiecezja.wroc.pl\/wordpress\/?p=308"},"modified":"2016-01-15T22:48:45","modified_gmt":"2016-01-15T21:48:45","slug":"rekolekcje-adwentowe-bogaty-w-milosierdzie-18-20-grudnia-2015-roku","status":"publish","type":"post","link":"http:\/\/www.mbnp.archidiecezja.wroc.pl\/?p=308","title":{"rendered":"Rekolekcje adwentowe &#8222;Bogaty w mi\u0142osierdzie&#8221; 18-20 grudnia 2015 roku"},"content":{"rendered":"<p style=\"text-align: left;\"><b><i>S\u0142owo Bo\u017ce b\u0119dzie g\u0142osi\u0142 Ks. Jerzy Babiak,<br \/>\nDyrektor Salezja\u0144skiego Liceum Og\u00f3lnokszta\u0142c\u0105cego we Wroc\u0142awiu<\/i><\/b><\/p>\n<p style=\"text-align: left;\" align=\"center\"><b>Pi\u0105tek, 18 grudnia<br \/>\n<i>B\u00f3g bogaty w mi\u0142osierdzie<\/i><\/b><\/p>\n<p style=\"text-align: left;\">9.00\u00a0\u00a0\u00a0\u00a0\u00a0\u00a0\u00a0\u00a0\u00a0\u00a0\u00a0\u00a0\u00a0\u00a0\u00a0\u00a0\u00a0\u00a0\u00a0 Msza \u015bw. z nauk\u0105 og\u00f3ln\u0105<br \/>\n17.00\u00a0\u00a0\u00a0\u00a0\u00a0\u00a0\u00a0\u00a0\u00a0\u00a0\u00a0\u00a0\u00a0\u00a0\u00a0\u00a0\u00a0 Msza\u00a0 \u015bw &#8211; Roraty z nauk\u0105 dla dzieci<br \/>\n18.00\u00a0\u00a0\u00a0\u00a0\u00a0\u00a0\u00a0\u00a0\u00a0\u00a0\u00a0\u00a0\u00a0\u00a0\u00a0\u00a0\u00a0 Msza \u015bw. z nauk\u0105 og\u00f3ln\u0105<br \/>\n19.00\u00a0\u00a0\u00a0\u00a0\u00a0\u00a0\u00a0\u00a0\u00a0\u00a0\u00a0\u00a0\u00a0\u00a0\u00a0\u00a0\u00a0 Spotkanie dla rodzic\u00f3w (szczeg\u00f3lnie rodzic\u00f3w ministrant\u00f3w)<\/p>\n<p style=\"text-align: left;\" align=\"center\"><b>Sobota, 19 grudnia<br \/>\n<i>Cz\u0142owiek bogaty w mi\u0142osierdzie, dzie\u0144 pojednania<\/i><\/b><\/p>\n<p style=\"text-align: left;\">8.00 \u2013 10.00\u00a0\u00a0\u00a0\u00a0 <b>Spowied\u017a \u015bw.<\/b><br \/>\n9.00\u00a0\u00a0\u00a0\u00a0\u00a0\u00a0\u00a0\u00a0\u00a0\u00a0\u00a0\u00a0\u00a0\u00a0\u00a0\u00a0\u00a0 Msza \u015bw. z nauk\u0105 og\u00f3ln\u0105<br \/>\n16.00 \u2013 19.00\u00a0\u00a0 <b>Spowied\u017a \u015bw.<\/b><br \/>\n18.00\u00a0\u00a0\u00a0\u00a0\u00a0\u00a0\u00a0\u00a0\u00a0\u00a0\u00a0\u00a0\u00a0\u00a0\u00a0 Msza \u015bw. z nauk\u0105 og\u00f3ln\u0105<br \/>\n19.00\u00a0\u00a0\u00a0\u00a0\u00a0\u00a0\u00a0\u00a0\u00a0\u00a0\u00a0\u00a0\u00a0\u00a0\u00a0 Spotkanie z m\u0142odzie\u017c\u0105<br \/>\n20.00 \u2013 21.00\u00a0\u00a0\u00a0 Adoracja Naj\u015bwi\u0119tszego Sakramentu i Apel Jasnog\u00f3rski<\/p>\n<p style=\"text-align: left;\" align=\"center\"><b>Niedziela, 20 grudnia<br \/>\n<i>Ko\u015bci\u00f3\u0142 bogaty w mi\u0142osierdzie<\/i><\/b><\/p>\n<p style=\"text-align: left;\">7.00\u00a0\u00a0\u00a0\u00a0\u00a0\u00a0\u00a0\u00a0\u00a0\u00a0\u00a0\u00a0\u00a0\u00a0\u00a0\u00a0\u00a0\u00a0\u00a0 Msza \u015bw. z nauk\u0105 og\u00f3ln\u0105<br \/>\n8.00\u00a0\u00a0\u00a0\u00a0\u00a0\u00a0\u00a0\u00a0\u00a0\u00a0\u00a0\u00a0\u00a0\u00a0\u00a0\u00a0\u00a0\u00a0\u00a0 Msza \u015bw. z nauk\u0105 og\u00f3ln\u0105<br \/>\n9.30\u00a0\u00a0\u00a0\u00a0\u00a0\u00a0\u00a0\u00a0\u00a0\u00a0\u00a0\u00a0\u00a0\u00a0\u00a0\u00a0\u00a0\u00a0\u00a0 Msza \u015bw. z nauk\u0105 og\u00f3ln\u0105<br \/>\n11.00\u00a0\u00a0\u00a0\u00a0\u00a0\u00a0\u00a0\u00a0\u00a0\u00a0\u00a0\u00a0\u00a0\u00a0\u00a0\u00a0\u00a0 Msza \u015bw. z nauk\u0105 dla dzieci i uroczyste wniesienie relikwii \u015bw. Dominika Savio<br \/>\n12.30\u00a0\u00a0\u00a0\u00a0\u00a0\u00a0\u00a0\u00a0\u00a0\u00a0\u00a0\u00a0\u00a0\u00a0\u00a0\u00a0\u00a0 Msza \u015bw. z nauk\u0105 og\u00f3ln\u0105<br \/>\n17.00\u00a0\u00a0\u00a0\u00a0\u00a0\u00a0\u00a0\u00a0\u00a0\u00a0\u00a0\u00a0\u00a0\u00a0\u00a0\u00a0\u00a0 Spotkanie dla rodzic\u00f3w i ma\u0142\u017ce\u0144stw przy relikwiach \u015bw. Charbela<br \/>\n18.00\u00a0\u00a0\u00a0\u00a0\u00a0\u00a0\u00a0\u00a0\u00a0\u00a0\u00a0\u00a0\u00a0\u00a0\u00a0\u00a0\u00a0 Msza \u015bw. z nauk\u0105 og\u00f3ln\u0105 dla m\u0142odzie\u017cy<\/p>\n","protected":false},"excerpt":{"rendered":"<p>S\u0142owo Bo\u017ce b\u0119dzie g\u0142osi\u0142 Ks. Jerzy Babiak, Dyrektor Salezja\u0144skiego Liceum Og\u00f3lnokszta\u0142c\u0105cego we Wroc\u0142awiu Pi\u0105tek, 18 grudnia B\u00f3g bogaty w mi\u0142osierdzie 9.00\u00a0\u00a0\u00a0\u00a0\u00a0\u00a0\u00a0\u00a0\u00a0\u00a0\u00a0\u00a0\u00a0\u00a0\u00a0\u00a0\u00a0\u00a0\u00a0 Msza \u015bw. z nauk\u0105 og\u00f3ln\u0105 17.00\u00a0\u00a0\u00a0\u00a0\u00a0\u00a0\u00a0\u00a0\u00a0\u00a0\u00a0\u00a0\u00a0\u00a0\u00a0\u00a0\u00a0 Msza\u00a0 \u015bw &#8211; &#8230;<\/p>\n","protected":false},"author":7,"featured_media":0,"comment_status":"closed","ping_status":"open","sticky":false,"template":"","format":"standard","meta":[],"categories":[10],"tags":[],"_links":{"self":[{"href":"http:\/\/www.mbnp.archidiecezja.wroc.pl\/index.php?rest_route=\/wp\/v2\/posts\/308"}],"collection":[{"href":"http:\/\/www.mbnp.archidiecezja.wroc.pl\/index.php?rest_route=\/wp\/v2\/posts"}],"about":[{"href":"http:\/\/www.mbnp.archidiecezja.wroc.pl\/index.php?rest_route=\/wp\/v2\/types\/post"}],"author":[{"embeddable":true,"href":"http:\/\/www.mbnp.archidiecezja.wroc.pl\/index.php?rest_route=\/wp\/v2\/users\/7"}],"replies":[{"embeddable":true,"href":"http:\/\/www.mbnp.archidiecezja.wroc.pl\/index.php?rest_route=%2Fwp%2Fv2%2Fcomments&post=308"}],"version-history":[{"count":4,"href":"http:\/\/www.mbnp.archidiecezja.wroc.pl\/index.php?rest_route=\/wp\/v2\/posts\/308\/revisions"}],"predecessor-version":[{"id":330,"href":"http:\/\/www.mbnp.archidiecezja.wroc.pl\/index.php?rest_route=\/wp\/v2\/posts\/308\/revisions\/330"}],"wp:attachment":[{"href":"http:\/\/www.mbnp.archidiecezja.wroc.pl\/index.php?rest_route=%2Fwp%2Fv2%2Fmedia&parent=308"}],"wp:term":[{"taxonomy":"category","embeddable":true,"href":"http:\/\/www.mbnp.archidiecezja.wroc.pl\/index.php?rest_route=%2Fwp%2Fv2%2Fcategories&post=308"},{"taxonomy":"post_tag","embeddable":true,"href":"http:\/\/www.mbnp.archidiecezja.wroc.pl\/index.php?rest_route=%2Fwp%2Fv2%2Ftags&post=308"}],"curies":[{"name":"wp","href":"https:\/\/api.w.org\/{rel}","templated":true}]}}