{"id":3051,"date":"2018-02-26T19:43:26","date_gmt":"2018-02-26T18:43:26","guid":{"rendered":"http:\/\/www.mbnp.archidiecezja.wroc.pl\/?p=3051"},"modified":"2024-05-03T18:31:33","modified_gmt":"2024-05-03T16:31:33","slug":"misjonarz-na-wielki-post","status":"publish","type":"post","link":"http:\/\/www.mbnp.archidiecezja.wroc.pl\/?p=3051","title":{"rendered":"Misjonarz na Wielki Post"},"content":{"rendered":"<p>Zach\u0119camy do wzi\u0119cia udzia\u0142u w og\u00f3lnopolskiej akcji duchowego wsparcia misjonarzy w Wielkim Po\u015bcie. Wszystko co trzeba zrobi\u0107 to wej\u015b\u0107 na stron\u0119\u00a0<a href=\"http:\/\/misjonarznapost.pl\/\">www.misjonarznapost.pl<\/a>\u00a0i tam wylosowa\u0107 swojego misjonarza. Gdy dostaniemy jego dane osobowe, mo\u017cemy zacz\u0105\u0107 si\u0119 modli\u0107, po\u015bci\u0107 b\u0105d\u017a ofiarowa\u0107 swoje cierpienie w jego lub jej intencji. Dla nas to niewielki wysi\u0142ek, ale ta modlitwa mo\u017ce zdzia\u0142a\u0107 cuda.<\/p>\n<p>Szczeg\u00f3\u0142y po klikni\u0119ciu w baner.<\/p>\n<p><a href=\"http:\/\/misjonarznapost.pl\/\"><img decoding=\"async\" loading=\"lazy\" class=\"aligncenter size-large wp-image-3052\" src=\"http:\/\/www.mbnp.archidiecezja.wroc.pl\/wp-content\/uploads\/2018\/02\/misjonarz_na_post_2018-1024x422.png\" alt=\"misjonarz_na_post_2018\" width=\"648\" height=\"267\" srcset=\"http:\/\/www.mbnp.archidiecezja.wroc.pl\/wp-content\/uploads\/2018\/02\/misjonarz_na_post_2018-1024x422.png 1024w, http:\/\/www.mbnp.archidiecezja.wroc.pl\/wp-content\/uploads\/2018\/02\/misjonarz_na_post_2018-300x124.png 300w, http:\/\/www.mbnp.archidiecezja.wroc.pl\/wp-content\/uploads\/2018\/02\/misjonarz_na_post_2018.png 1919w\" sizes=\"(max-width: 648px) 100vw, 648px\" \/><\/a><\/p>\n","protected":false},"excerpt":{"rendered":"<p>Zach\u0119camy do wzi\u0119cia udzia\u0142u w og\u00f3lnopolskiej akcji duchowego wsparcia misjonarzy w Wielkim Po\u015bcie. Wszystko co trzeba zrobi\u0107 to wej\u015b\u0107 na stron\u0119\u00a0www.misjonarznapost.pl\u00a0i tam wylosowa\u0107 swojego misjonarza. Gdy dostaniemy jego dane osobowe, &#8230;<\/p>\n","protected":false},"author":7,"featured_media":0,"comment_status":"closed","ping_status":"open","sticky":false,"template":"","format":"standard","meta":[],"categories":[10],"tags":[],"_links":{"self":[{"href":"http:\/\/www.mbnp.archidiecezja.wroc.pl\/index.php?rest_route=\/wp\/v2\/posts\/3051"}],"collection":[{"href":"http:\/\/www.mbnp.archidiecezja.wroc.pl\/index.php?rest_route=\/wp\/v2\/posts"}],"about":[{"href":"http:\/\/www.mbnp.archidiecezja.wroc.pl\/index.php?rest_route=\/wp\/v2\/types\/post"}],"author":[{"embeddable":true,"href":"http:\/\/www.mbnp.archidiecezja.wroc.pl\/index.php?rest_route=\/wp\/v2\/users\/7"}],"replies":[{"embeddable":true,"href":"http:\/\/www.mbnp.archidiecezja.wroc.pl\/index.php?rest_route=%2Fwp%2Fv2%2Fcomments&post=3051"}],"version-history":[{"count":5,"href":"http:\/\/www.mbnp.archidiecezja.wroc.pl\/index.php?rest_route=\/wp\/v2\/posts\/3051\/revisions"}],"predecessor-version":[{"id":3060,"href":"http:\/\/www.mbnp.archidiecezja.wroc.pl\/index.php?rest_route=\/wp\/v2\/posts\/3051\/revisions\/3060"}],"wp:attachment":[{"href":"http:\/\/www.mbnp.archidiecezja.wroc.pl\/index.php?rest_route=%2Fwp%2Fv2%2Fmedia&parent=3051"}],"wp:term":[{"taxonomy":"category","embeddable":true,"href":"http:\/\/www.mbnp.archidiecezja.wroc.pl\/index.php?rest_route=%2Fwp%2Fv2%2Fcategories&post=3051"},{"taxonomy":"post_tag","embeddable":true,"href":"http:\/\/www.mbnp.archidiecezja.wroc.pl\/index.php?rest_route=%2Fwp%2Fv2%2Ftags&post=3051"}],"curies":[{"name":"wp","href":"https:\/\/api.w.org\/{rel}","templated":true}]}}