{"id":3047,"date":"2018-02-26T09:25:02","date_gmt":"2018-02-26T08:25:02","guid":{"rendered":"http:\/\/www.mbnp.archidiecezja.wroc.pl\/?p=3047"},"modified":"2024-05-03T18:30:02","modified_gmt":"2024-05-03T16:30:02","slug":"nabozenstwa-w-wielkim-poscie","status":"publish","type":"post","link":"http:\/\/www.mbnp.archidiecezja.wroc.pl\/?p=3047","title":{"rendered":"Nabo\u017ce\u0144stwa w Wielkim Po\u015bcie"},"content":{"rendered":"<p><strong>Droga Krzy\u017cowa<\/strong> w ka\u017cdy pi\u0105tek:<\/p>\n<p>9.00 &#8211; Msza \u015bw. i Droga Krzy\u017cowa dla doros\u0142ych<\/p>\n<p>17.15 &#8211; Droga Krzy\u017cowa dla dzieci<\/p>\n<p>18.00 &#8211; Msza \u015bw. i Droga Krzy\u017cowa dla m\u0142odzie\u017cy i doros\u0142ych<\/p>\n<p><strong>Gorzkie \u017bale<\/strong> w ka\u017cd\u0105 niedziel\u0119 o godz. 17.00.<\/p>\n<p><a href=\"http:\/\/www.mbnp.archidiecezja.wroc.pl\/wp-content\/uploads\/2018\/02\/12705200_1006310212781962_8291875662342251519_n.jpg\" rel=\"lightbox[3047]\"><img decoding=\"async\" loading=\"lazy\" class=\"aligncenter size-full wp-image-3048\" src=\"http:\/\/www.mbnp.archidiecezja.wroc.pl\/wp-content\/uploads\/2018\/02\/12705200_1006310212781962_8291875662342251519_n.jpg\" alt=\"12705200_1006310212781962_8291875662342251519_n\" width=\"850\" height=\"317\" srcset=\"http:\/\/www.mbnp.archidiecezja.wroc.pl\/wp-content\/uploads\/2018\/02\/12705200_1006310212781962_8291875662342251519_n.jpg 850w, http:\/\/www.mbnp.archidiecezja.wroc.pl\/wp-content\/uploads\/2018\/02\/12705200_1006310212781962_8291875662342251519_n-300x112.jpg 300w\" sizes=\"(max-width: 850px) 100vw, 850px\" \/><\/a><\/p>\n","protected":false},"excerpt":{"rendered":"<p>Droga Krzy\u017cowa w ka\u017cdy pi\u0105tek: 9.00 &#8211; Msza \u015bw. i Droga Krzy\u017cowa dla doros\u0142ych 17.15 &#8211; Droga Krzy\u017cowa dla dzieci 18.00 &#8211; Msza \u015bw. i Droga Krzy\u017cowa dla m\u0142odzie\u017cy i &#8230;<\/p>\n","protected":false},"author":7,"featured_media":0,"comment_status":"closed","ping_status":"open","sticky":false,"template":"","format":"standard","meta":[],"categories":[10],"tags":[],"_links":{"self":[{"href":"http:\/\/www.mbnp.archidiecezja.wroc.pl\/index.php?rest_route=\/wp\/v2\/posts\/3047"}],"collection":[{"href":"http:\/\/www.mbnp.archidiecezja.wroc.pl\/index.php?rest_route=\/wp\/v2\/posts"}],"about":[{"href":"http:\/\/www.mbnp.archidiecezja.wroc.pl\/index.php?rest_route=\/wp\/v2\/types\/post"}],"author":[{"embeddable":true,"href":"http:\/\/www.mbnp.archidiecezja.wroc.pl\/index.php?rest_route=\/wp\/v2\/users\/7"}],"replies":[{"embeddable":true,"href":"http:\/\/www.mbnp.archidiecezja.wroc.pl\/index.php?rest_route=%2Fwp%2Fv2%2Fcomments&post=3047"}],"version-history":[{"count":1,"href":"http:\/\/www.mbnp.archidiecezja.wroc.pl\/index.php?rest_route=\/wp\/v2\/posts\/3047\/revisions"}],"predecessor-version":[{"id":3049,"href":"http:\/\/www.mbnp.archidiecezja.wroc.pl\/index.php?rest_route=\/wp\/v2\/posts\/3047\/revisions\/3049"}],"wp:attachment":[{"href":"http:\/\/www.mbnp.archidiecezja.wroc.pl\/index.php?rest_route=%2Fwp%2Fv2%2Fmedia&parent=3047"}],"wp:term":[{"taxonomy":"category","embeddable":true,"href":"http:\/\/www.mbnp.archidiecezja.wroc.pl\/index.php?rest_route=%2Fwp%2Fv2%2Fcategories&post=3047"},{"taxonomy":"post_tag","embeddable":true,"href":"http:\/\/www.mbnp.archidiecezja.wroc.pl\/index.php?rest_route=%2Fwp%2Fv2%2Ftags&post=3047"}],"curies":[{"name":"wp","href":"https:\/\/api.w.org\/{rel}","templated":true}]}}