{"id":3033,"date":"2018-02-21T16:57:50","date_gmt":"2018-02-21T15:57:50","guid":{"rendered":"http:\/\/www.mbnp.archidiecezja.wroc.pl\/?p=3033"},"modified":"2024-05-03T18:28:22","modified_gmt":"2024-05-03T16:28:22","slug":"25-ii-2018-r-niedziela-misyjna","status":"publish","type":"post","link":"http:\/\/www.mbnp.archidiecezja.wroc.pl\/?p=3033","title":{"rendered":"25.II.2018 r. &#8211; Niedziela Misyjna"},"content":{"rendered":"<h2 style=\"text-align: center;\">Komunikat na II Niedziel\u0119 Wielkiego Postu &#8222;Ad Gentes&#8221;<\/h2>\n<h3 style=\"text-align: center;\">Dzie\u0144 modlitwy, postu i solidarno\u015bci z misjonarzami, 25 II 2018r.<\/h3>\n<div class=\"content\">\n<p>Umi\u0142owani w Chrystusie Panu Kap\u0142ani,<\/p>\n<p>Siostry i Bracia!<\/p>\n<p>W II niedziel\u0119 Wielkiego Postu w Ko\u015bciele w Polsce prze\u017cywamy\u00a0<em>Dzie\u0144 Modlitwy, Postu i Solidarno\u015bci z Misjonarzami<\/em>. W tym roku obchodzimy go pod has\u0142em \u201eUczniowie-misjonarze moc\u0105 Ducha \u015awi\u0119tego\u201d. Chcemy zwr\u00f3ci\u0107 uwag\u0119 na fakt, \u017ce g\u0142\u00f3wnym sprawc\u0105 misji jest Duch \u015awi\u0119ty. Misjonarze i ci, kt\u00f3rzy jednocz\u0105 si\u0119 z nimi w dziele misyjnym, s\u0105 Jego wsp\u00f3\u0142pracownikami. Duch \u015awi\u0119ty wzbudza w Ko\u015bciele powo\u0142ania misyjne. Otwiera na potrzeby misji serca kap\u0142an\u00f3w, os\u00f3b konsekrowanych oraz wiernych \u015bwieckich. Dzi\u0119ki Jego \u015bwiat\u0142u i mocy s\u0105 oni gotowi wype\u0142ni\u0107 Chrystusowy mandat misyjny, porzuci\u0107 rodzinne strony, bliskich i w\u0142asne wsp\u00f3lnoty, by i\u015b\u0107 z Ewangeli\u0105 do ludzi innych kultur, j\u0119zyk\u00f3w, obyczaj\u00f3w, w miejsca odleg\u0142e i nieznane. Duch \u015awi\u0119ty pobudza serca tych, kt\u00f3rym misjonarze g\u0142osz\u0105 Ewangeli\u0119. Przysposabia je do jej przyj\u0119cia. Dzi\u0119ki Jego wewn\u0119trznym poruszeniom liczni ludzie odkrywaj\u0105 pi\u0119kno wiary i przyjmuj\u0105 Chrystusa za swego Pana i Zbawc\u0119.<\/p>\n<p>Duch \u015awi\u0119ty dzia\u0142a r\u00f3wnie\u017c w tych, kt\u00f3rzy nie wyje\u017cd\u017caj\u0105c na plac\u00f3wki misyjne, staj\u0105 u boku misjonarzy z darem modlitwy, cierpienia ofiarowanego w ich intencjach oraz wsparciem materialnym. To On pobudza ochrzczonych i bierzmowanych do wype\u0142nienia powo\u0142ania misyjnego, p\u0142yn\u0105cego z tych sakrament\u00f3w.<\/p>\n<p>Konferencja Episkopatu Polski w dn. 22-24 wrze\u015bnia 2005 r., postanowi\u0142a, \u017ce ofiary zbierane do puszek w II Niedziel\u0119 Wielkiego Postu b\u0119d\u0105 przeznaczone na pomoc misjom poprzez Dzie\u0142o Pomocy \u201eAd Gentes\u201d przy Komisji Episkopatu Polski ds. Misji. Zatem hojnie wesprzyjmy swymi ofiarami 2032 misjonarzy i ich pos\u0142ug\u0119 ewangelizacyjn\u0105, charytatywn\u0105, medyczn\u0105 i edukacyjn\u0105.W ubieg\u0142ym roku Dzie\u0142o Pomocy \u201eAd Gentes\u201d sfinansowa\u0142o ponad 140 dzie\u0142 na misjach, dofinansowa\u0142o budow\u0119 5 studni g\u0142\u0119binowych w Afryce oraz szko\u0142y zawodowej dla 250 uczni\u00f3w w Segerea w Dar es Salaam (Tanzania). W ci\u0105gu ca\u0142ego roku Dzie\u0142o udziela systematycznej pomocy finansowej misjonarzom z Polski.<\/p>\n<p>Pragn\u0119 w imieniu Komisji Episkopatu Polski ds. Misji, wszystkich misjonarzy i misjonarek oraz w\u0142asnym podzi\u0119kowa\u0107 duszpasterzom i wiernym \u015bwieckim za zaanga\u017cowanie w misyjne dzie\u0142o Ko\u015bcio\u0142a. Sk\u0142adam serdeczne \u201eB\u00f3g zap\u0142a\u0107\u201d chorym i starszym, kt\u00f3rzy cierpienia i niedostatki, trudy i przykro\u015bci \u017cyciowe ofiarowuj\u0105 w intencji misjonarzy. Dzi\u0119kuj\u0119 wsp\u00f3lnotom parafialnym, licznym grupom misyjnym, zw\u0142aszcza dzieci\u0119cym i m\u0142odzie\u017cowym za r\u00f3\u017cne dzia\u0142ania, kt\u00f3re owocuj\u0105 nowymi formami pomocy misjom. Dzi\u0119kuj\u0119 za ofiarno\u015b\u0107, tak dzi\u015b jak w ci\u0105gu ca\u0142ego roku. Dzi\u0119ki bowiem Waszej hojno\u015bci misjonarze prowadz\u0105 wiele dzie\u0142 mi\u0142osierdzia w ubogich krajach Afryki, Ameryki \u0141aci\u0144skiej, Azji i Oceanii. Wyra\u017cam wdzi\u0119czno\u015b\u0107 wszystkim darczy\u0144com Dzie\u0142a Pomocy \u201eAd Gentes\u201d, kt\u00f3rzy wspieraj\u0105 misje wysy\u0142aj\u0105c sms-a na numer 72 032 o tre\u015bci \u201eMisje\u201d lub poprzez wp\u0142at\u0119 na konto Dzie\u0142a Pomocy \u201eAd Gentes\u201d. Jednocze\u015bnie prosz\u0119, aby\u015bcie pos\u0142uszni natchnieniom Ducha \u015awi\u0119tego, nie ustawali w trosce o misje.<\/p>\n<p>Z serca wszystkim b\u0142ogos\u0142awi\u0119: w Imi\u0119 Ojca, i Syna, i Ducha \u015awi\u0119tego. Amen.<\/p>\n<p align=\"center\"><strong>+ Bp Jerzy Mazur SVD<\/strong><\/p>\n<p align=\"center\"><strong>Przewodnicz\u0105cy Komisji Episkopatu Polski ds. Misji<\/strong><\/p>\n<\/div>\n<p><a href=\"http:\/\/www.mbnp.archidiecezja.wroc.pl\/wp-content\/uploads\/2018\/02\/plakat-niedziela-ad-gentes-2018.jpg\" rel=\"lightbox[3033]\"><img decoding=\"async\" loading=\"lazy\" class=\"aligncenter size-full wp-image-3034\" src=\"http:\/\/www.mbnp.archidiecezja.wroc.pl\/wp-content\/uploads\/2018\/02\/plakat-niedziela-ad-gentes-2018.jpg\" alt=\"plakat-niedziela-ad-gentes-2018\" width=\"429\" height=\"600\" srcset=\"http:\/\/www.mbnp.archidiecezja.wroc.pl\/wp-content\/uploads\/2018\/02\/plakat-niedziela-ad-gentes-2018.jpg 429w, http:\/\/www.mbnp.archidiecezja.wroc.pl\/wp-content\/uploads\/2018\/02\/plakat-niedziela-ad-gentes-2018-215x300.jpg 215w\" sizes=\"(max-width: 429px) 100vw, 429px\" \/><\/a><\/p>\n<p>&nbsp;<\/p>\n","protected":false},"excerpt":{"rendered":"<p>Komunikat na II Niedziel\u0119 Wielkiego Postu &#8222;Ad Gentes&#8221; Dzie\u0144 modlitwy, postu i solidarno\u015bci z misjonarzami, 25 II 2018r. Umi\u0142owani w Chrystusie Panu Kap\u0142ani, Siostry i Bracia! W II niedziel\u0119 Wielkiego &#8230;<\/p>\n","protected":false},"author":7,"featured_media":0,"comment_status":"closed","ping_status":"open","sticky":false,"template":"","format":"standard","meta":[],"categories":[10],"tags":[],"_links":{"self":[{"href":"http:\/\/www.mbnp.archidiecezja.wroc.pl\/index.php?rest_route=\/wp\/v2\/posts\/3033"}],"collection":[{"href":"http:\/\/www.mbnp.archidiecezja.wroc.pl\/index.php?rest_route=\/wp\/v2\/posts"}],"about":[{"href":"http:\/\/www.mbnp.archidiecezja.wroc.pl\/index.php?rest_route=\/wp\/v2\/types\/post"}],"author":[{"embeddable":true,"href":"http:\/\/www.mbnp.archidiecezja.wroc.pl\/index.php?rest_route=\/wp\/v2\/users\/7"}],"replies":[{"embeddable":true,"href":"http:\/\/www.mbnp.archidiecezja.wroc.pl\/index.php?rest_route=%2Fwp%2Fv2%2Fcomments&post=3033"}],"version-history":[{"count":2,"href":"http:\/\/www.mbnp.archidiecezja.wroc.pl\/index.php?rest_route=\/wp\/v2\/posts\/3033\/revisions"}],"predecessor-version":[{"id":3059,"href":"http:\/\/www.mbnp.archidiecezja.wroc.pl\/index.php?rest_route=\/wp\/v2\/posts\/3033\/revisions\/3059"}],"wp:attachment":[{"href":"http:\/\/www.mbnp.archidiecezja.wroc.pl\/index.php?rest_route=%2Fwp%2Fv2%2Fmedia&parent=3033"}],"wp:term":[{"taxonomy":"category","embeddable":true,"href":"http:\/\/www.mbnp.archidiecezja.wroc.pl\/index.php?rest_route=%2Fwp%2Fv2%2Fcategories&post=3033"},{"taxonomy":"post_tag","embeddable":true,"href":"http:\/\/www.mbnp.archidiecezja.wroc.pl\/index.php?rest_route=%2Fwp%2Fv2%2Ftags&post=3033"}],"curies":[{"name":"wp","href":"https:\/\/api.w.org\/{rel}","templated":true}]}}