{"id":3011,"date":"2018-02-14T20:44:07","date_gmt":"2018-02-14T19:44:07","guid":{"rendered":"http:\/\/www.mbnp.archidiecezja.wroc.pl\/?p=3011"},"modified":"2024-05-03T18:31:33","modified_gmt":"2024-05-03T16:31:33","slug":"wielki-post-2018-oredzie-papieza-franciszka","status":"publish","type":"post","link":"http:\/\/www.mbnp.archidiecezja.wroc.pl\/?p=3011","title":{"rendered":"WIELKI POST 2018 &#8211; OR\u0118DZIE PAPIE\u017bA FRANCISZKA"},"content":{"rendered":"<p>Dzisiaj rozpoczynamy okres Wielkiego Postu. Posypano nam g\u0142owy popio\u0142em, kt\u00f3ry jest miedzy innymi symbolem odrodzenia duchowego. Jak feniks odradza si\u0119 z popio\u0142u tak i my przez okres \u00a0Wielkiego Postu odradzajmy si\u0119 duchowo, aby w Wigili\u0119 Paschaln\u0105 by\u0107 przygotowanym do odnowienia przyrzecze\u0144 chrzcielnych. Tylko wtedy\u00a0 wyrzeczenia i praca nad w\u0142asnym\u201d Ja\u201d b\u0119dzie mia\u0142a sens. Niew\u0105tpliwie pomo\u017ce nam w tym Or\u0119dzie Papie\u017ca Franciszka .<!--more--><\/p>\n<p>\u201ePoniewa\u017c wzmo\u017ce si\u0119 nieprawo\u015b\u0107, ostygnie mi\u0142o\u015b\u0107 wielu\u201d (Mt. 24,12)<\/p>\n<p><strong>Drodzy Bracia i Siostry!<\/strong><\/p>\n<p>Ponownie zbli\u017ca si\u0119 Pascha Pana! Aby nas do niej przygotowa\u0107, Bo\u017ca Opatrzno\u015b\u0107 daje nam ka\u017cdego roku Wielki Post, \u201esakramentalny znak naszego nawr\u00f3cenia\u201d (1), kt\u00f3ry zapowiada i urzeczywistnia mo\u017cliwo\u015b\u0107 nawr\u00f3cenia si\u0119 do Pana ca\u0142ym sercem i ca\u0142ym \u017cyciem.<\/p>\n<p>R\u00f3wnie\u017c w tym roku \u2013 przez to przes\u0142anie \u2013 pragn\u0119 pom\u00f3c ca\u0142emu Ko\u015bcio\u0142owi w prze\u017cywaniu z rado\u015bci\u0105 i w prawdzie tego czasu \u0142aski; a inspiruj\u0119 si\u0119 w tym s\u0142owami Jezusa z Ewangelii Mateusza: \u201ePoniewa\u017c wzmo\u017ce si\u0119 nieprawo\u015b\u0107, ostygnie mi\u0142o\u015b\u0107 wielu\u201d (24,12).<\/p>\n<p>To zdanie zawarte jest w mowie dotycz\u0105cej ko\u0144ca czas\u00f3w, wyg\u0142oszonej w Jerozolimie, na G\u00f3rze Oliwnej, w\u0142a\u015bnie tam, gdzie rozpocznie si\u0119 m\u0119ka Pana. Jezus, odpowiadaj\u0105c na pytanie uczni\u00f3w, zapowiada wielkie udr\u0119ki i opisuje sytuacj\u0119, w jakiej mo\u017ce znale\u017a\u0107 si\u0119 wsp\u00f3lnota wierz\u0105cych: w obliczu bolesnych wydarze\u0144 pewni fa\u0142szywi prorocy wielu wprowadz\u0105 w b\u0142\u0105d, tak i\u017c grozi\u0107 b\u0119dzie wyga\u015bni\u0119cie w sercach mi\u0142o\u015bci, kt\u00f3ra jest istot\u0105 ca\u0142ej Ewangelii.<\/p>\n<p><strong>Fa\u0142szywi prorocy<\/strong><\/p>\n<p>S\u0142uchamy tego fragmentu i zastanawiamy si\u0119: jakie postaci przybieraj\u0105 fa\u0142szywi prorocy?<\/p>\n<p>Przypominaj\u0105 oni \u201ezaklinaczy w\u0119\u017cy\u201d, to znaczy wykorzystuj\u0105 ludzkie emocje, aby zniewala\u0107 ludzi i prowadzi\u0107 ich tam, gdzie chc\u0105. Ile\u017c dzieci Bo\u017cych daje si\u0119 zwie\u015b\u0107 powabom trwaj\u0105cej par\u0119 chwil przyjemno\u015bci, kt\u00f3r\u0105 bierze si\u0119 za szcz\u0119\u015bcie! Ilu\u017c m\u0119\u017cczyzn i ile kobiet \u017cyje jakby pod urokiem iluzji pieni\u0105dza, kt\u00f3ry w rzeczywisto\u015bci czyni ich niewolnikami zysku lub niegodziwych interes\u00f3w! Ile\u017c os\u00f3b \u017cyje, s\u0105dz\u0105c, \u017ce same sobie wystarczaj\u0105, i padaj\u0105 ofiar\u0105 samotno\u015bci!<\/p>\n<p>Inni fa\u0142szywi prorocy to \u201eszarlatani\u201d, kt\u00f3rzy proponuj\u0105 \u0142atwe i natychmiastowe sposoby zaradzenia cierpieniom, \u015brodki, kt\u00f3re okazuj\u0105 si\u0119 jednak zupe\u0142nie nieskuteczne \u2013 jak\u017ce wielu m\u0142odym ludziom proponowane jest fa\u0142szywe remedium w postaci narkotyk\u00f3w, relacji \u201ejednorazowego u\u017cytku\u201d, zarobk\u00f3w \u0142atwych, ale nieuczciwych! Jak wielu jest wci\u0105\u017c zapl\u0105tanych w sie\u0107 \u017cycia ca\u0142kowicie wirtualnego, w kt\u00f3rym relacje wydaj\u0105 si\u0119 \u0142atwiejsze i szybkie, a potem okazuj\u0105 si\u0119 dramatycznie pozbawione sensu! Ci oszu\u015bci, proponuj\u0105cy rzeczy bez warto\u015bci, odbieraj\u0105 natomiast to, co jest najcenniejsze, jak godno\u015b\u0107, wolno\u015b\u0107 i zdolno\u015b\u0107 kochania. To pokusa pr\u00f3\u017cno\u015bci prowadzi nas do tego, \u017ce puszymy si\u0119 jak paw\u2026 i potem si\u0119 o\u015bmieszamy; a ze \u015bmieszno\u015bci nie ma powrotu. Nic dziwnego: od zawsze diabe\u0142, kt\u00f3ry jest \u201ek\u0142amc\u0105 i ojcem k\u0142amstwa\u201d (J 8,44), przedstawia z\u0142o jako dobro, a fa\u0142sz jako prawd\u0119, aby zmyli\u0107 serce cz\u0142owieka. Dlatego ka\u017cdy z nas jest wezwany do tego, by w swoim sercu rozeznawa\u0142 i bada\u0142, czy jest zagro\u017cony przez k\u0142amstwa tych fa\u0142szywych prorok\u00f3w. Trzeba si\u0119 nauczy\u0107 nie zatrzymywa\u0107 na poziomie bezpo\u015brednim, powierzchownym, ale rozpoznawa\u0107 to, co zostawia w nas dobry i trwalszy \u015blad, bowiem pochodzi od Boga i s\u0142u\u017cy rzeczywi\u015bcie naszemu dobru.<\/p>\n<p><strong>Zimne serce<\/strong><\/p>\n<p>Dante Alighieri w swoim opisie piek\u0142a wyobra\u017ca diab\u0142a siedz\u0105cego na lodowym tronie (2); mieszka on w mrozie st\u0142umionej mi\u0142o\u015bci. Zastan\u00f3wmy si\u0119 zatem: w jaki spos\u00f3b stygnie w nas mi\u0142o\u015b\u0107? Jakie sygna\u0142y wskazuj\u0105 nam, \u017ce mi\u0142o\u015b\u0107 w nas mo\u017ce wygasn\u0105\u0107?<\/p>\n<p>Tym, co gasi mi\u0142o\u015b\u0107, jest przede wszystkim chciwo\u015b\u0107 pieni\u0105dza, b\u0119d\u0105ca \u201ekorzeniem wszelkiego z\u0142a\u201d (1 Tm 6,10); jej nast\u0119pstwem jest odrzucenie Boga, a zatem szukania pociechy w Nim \u2013 wolimy nasze przygn\u0119bienie ni\u017c pokrzepienie Jego S\u0142owa i sakrament\u00f3w (3). To wszystko przeradza si\u0119 w przemoc, obracaj\u0105c\u0105 si\u0119 przeciwko tym, kt\u00f3rych uwa\u017camy za zagro\u017cenie dla naszych \u201epewnik\u00f3w\u201d, jak nienarodzone jeszcze dziecko, chory starzec, go\u015b\u0107 b\u0119d\u0105cy przejazdem, cudzoziemiec, a tak\u017ce bli\u017ani, kt\u00f3ry nie odpowiada naszym oczekiwaniom.<\/p>\n<p>R\u00f3wnie\u017c \u015bwiat stworzony jest milcz\u0105cym \u015bwiadkiem tego ozi\u0119bienia mi\u0142o\u015bci; ziemia jest zatruta przez odpady, wyrzucane niedbale i dla interesu; morza, kt\u00f3re tak\u017ce s\u0105 zanieczyszczone, musz\u0105, niestety, kry\u0107 szcz\u0105tki licznych rozbitk\u00f3w przymusowych migracji; niebiosa \u2013 kt\u00f3re w zamy\u015ble Boga wy\u015bpiewuj\u0105 Jego chwa\u0142\u0119 \u2013 s\u0105 poorane przez maszyny, kt\u00f3re zrzucaj\u0105 narz\u0119dzia \u015bmierci.<\/p>\n<p>Mi\u0142o\u015b\u0107 stygnie r\u00f3wnie\u017c w naszych wsp\u00f3lnotach; w adhortacji apostolskiej \u201eEvangelii gaudium\u201d stara\u0142em si\u0119 opisa\u0107 najbardziej ewidentne oznaki tego braku mi\u0142o\u015bci. S\u0105 nimi: egoistyczna gnu\u015bno\u015b\u0107, ja\u0142owy pesymizm, pokusa izolowania si\u0119 i anga\u017cowania w nieustanne bratob\u00f3jcze wojny, mentalno\u015b\u0107 \u015bwiatowa, kt\u00f3ra sk\u0142ania do zajmowania si\u0119 tylko tym, co pozorne, os\u0142abiaj\u0105c w ten spos\u00f3b zapa\u0142 misyjny (4).<\/p>\n<p><strong>Co robi\u0107?<\/strong><\/p>\n<p>Je\u017celi zauwa\u017camy w sobie i wok\u00f3\u0142 nas opisane przed chwil\u0105 oznaki, to w\u0142a\u015bnie Ko\u015bci\u00f3\u0142, nasza matka i nauczycielka, wraz z niekiedy gorzkim lekarstwem prawdy proponuje nam w tym okresie Wielkiego Postu s\u0142odki \u015brodek \u2013 modlitw\u0119, ja\u0142mu\u017cn\u0119 i post.<\/p>\n<p>Gdy po\u015bwi\u0119camy wi\u0119cej czasu na modlitw\u0119, pozwalamy naszemu sercu odkry\u0107 ukryte k\u0142amstwa, kt\u00f3rymi zwodzimy samych siebie (5), by ostatecznie szuka\u0107 pociechy w Bogu. On jest naszym Ojcem i chce, aby\u015bmy mieli \u017cycie.<\/p>\n<p>Praktykowanie ja\u0142mu\u017cny uwalnia nas od chciwo\u015bci i pomaga nam odkry\u0107, \u017ce drugi cz\u0142owiek jest moim bratem \u2013 to, co mam, nie jest nigdy tylko moje. Bardzo bym chcia\u0142, \u017ceby ja\u0142mu\u017cna sta\u0142a si\u0119 dla wszystkich prawdziwym, autentycznym stylem \u017cycia! Bardzo bym chcia\u0142, aby\u015bmy, jako chrze\u015bcijanie, brali przyk\u0142ad z aposto\u0142\u00f3w i widzieli w mo\u017cliwo\u015bci dzielenia si\u0119 z innymi naszymi dobrami konkretne \u015bwiadectwo komunii, jak\u0105 \u017cyjemy w Ko\u015bciele. Odno\u015bnie do tego pos\u0142u\u017c\u0119 si\u0119 napomnieniem \u015bw. Paw\u0142a, kiedy zach\u0119ca\u0142 Koryntian do zbi\u00f3rki na rzecz wsp\u00f3lnoty w Jerozolimie: \u201eTo przyniesie po\u017cytek wam\u201d (2 Kor 8,10). Dotyczy to w spos\u00f3b szczeg\u00f3lny Wielkiego Postu, kiedy to liczne organizacje przeprowadzaj\u0105 zbi\u00f3rki dla Ko\u015bcio\u0142\u00f3w i spo\u0142eczno\u015bci znajduj\u0105cych si\u0119 w trudnych sytuacjach. Jak bardzo bym chcia\u0142, aby\u015bmy r\u00f3wnie\u017c w naszych codziennych relacjach, za ka\u017cdym razem, kiedy brat prosi nas o pomoc, pomy\u015bleli, \u017ce jest to wezwanie Bo\u017cej Opatrzno\u015bci: ka\u017cda ja\u0142mu\u017cna jest sposobno\u015bci\u0105, aby uczestniczy\u0107 w Opatrzno\u015bci Boga wzgl\u0119dem Jego dzieci; a je\u017celi On dzi\u015b pos\u0142uguje si\u0119 mn\u0105, abym pom\u00f3g\u0142 bratu, to czy\u017c jutro nie zatroszczy si\u0119 tak\u017ce o moje potrzeby \u2013 On, kt\u00f3ry nie daje si\u0119 prze\u015bcign\u0105\u0107 w hojno\u015bci?(6)<\/p>\n<p>Post, na koniec, odbiera si\u0142\u0119 naszej przemocy, rozbraja nas i stanowi wielk\u0105 okazj\u0119 do wzrastania. Z jednej strony, pozwala nam do\u015bwiadczy\u0107 tego, co odczuwaj\u0105 ludzie, kt\u00f3rym brakuje nawet tego, co niezb\u0119dnie potrzebne, i kt\u00f3rych na co dzie\u0144 dr\u0119czy g\u0142\u00f3d; z drugiej strony, wyra\u017ca stan naszego ducha, z\u0142aknionego dobroci i spragnionego \u017cycia Bo\u017cego. Post nas przebudza, powoduje, \u017ce stajemy si\u0119 bardziej wra\u017cliwi na Boga i na bli\u017aniego, budzi na nowo wol\u0119 pos\u0142usze\u0144stwa Bogu, kt\u00f3ry jako jedyny zaspokaja nasz g\u0142\u00f3d.<\/p>\n<p>Chcia\u0142bym, aby m\u00f3j g\u0142os dotar\u0142 poza granice Ko\u015bcio\u0142a katolickiego, aby dosi\u0119gn\u0105\u0142 was wszystkich, m\u0119\u017cczyzn i kobiety dobrej woli, otwartych na s\u0142uchanie Boga. Je\u017celi tak jak my jeste\u015bcie zasmuceni szerzeniem si\u0119 niegodziwo\u015bci w \u015bwiecie, je\u017celi niepokoi was lodowacenie parali\u017cuj\u0105ce serca i dzia\u0142ania, je\u017celi widzicie, \u017ce s\u0142abnie poczucie wsp\u00f3lnego cz\u0142owiecze\u0144stwa, przy\u0142\u0105czcie si\u0119 do nas, by\u015bmy razem b\u0142agali Boga, by razem z nami po\u015bci\u0107 i razem dawa\u0107, ile mo\u017cecie, \u017ceby pom\u00f3c braciom!<\/p>\n<p><strong>P\u0142omie\u0144 Paschy<\/strong><\/p>\n<p>Zach\u0119cam przede wszystkim cz\u0142onk\u00f3w Ko\u015bcio\u0142a, aby z zapa\u0142em podj\u0119li drog\u0119 wielkopostn\u0105, czerpi\u0105c wsparcie z ja\u0142mu\u017cny, postu i modlitwy. Je\u017celi niekiedy wydaje si\u0119, \u017ce mi\u0142o\u015b\u0107 ga\u015bnie w wielu sercach, nie jest tak w sercu Boga! On daje nam wci\u0105\u017c nowe okazje, aby\u015bmy mogli zn\u00f3w zacz\u0105\u0107 kocha\u0107.<\/p>\n<p>Dobr\u0105 okazj\u0105 b\u0119dzie, r\u00f3wnie\u017c w tym roku, inicjatywa \u201e24 godziny dla Pana\u201d, kt\u00f3ra jest zach\u0119t\u0105 do tego, by sakrament pojednania by\u0142 sprawowany w kontek\u015bcie adoracji eucharystycznej. W 2018 r. odb\u0119dzie si\u0119 ona w pi\u0105tek 9 i w sobot\u0119 10 marca, a inspiracj\u0105 do niej b\u0119d\u0105 s\u0142owa z Psalmu 130,4: \u201eTy udzielasz przebaczenia\u201d. W ka\u017cdej diecezji przynajmniej jeden ko\u015bci\u00f3\u0142 pozostanie otwarty przez 24 godziny bez przerwy, co stworzy sposobno\u015b\u0107 do modlitwy adoracyjnej i do spowiedzi sakramentalnej.<\/p>\n<p>W noc Zmartwychwstania Pa\u0144skiego b\u0119dziemy na nowo prze\u017cywa\u0107 sugestywny rytua\u0142 zapalenia pascha\u0142u: \u015bwiat\u0142o, odpalone od \u201enowego ognia\u201d, stopniowo rozproszy mrok i o\u015bwietli zgromadzenie liturgiczne. \u201eNiech \u015bwiat\u0142o Chrystusa, chwalebnie zmartwychwsta\u0142ego, rozproszy ciemno\u015bci naszych serc i umys\u0142\u00f3w\u201d (7), aby\u015bmy wszyscy mogli na nowo prze\u017cy\u0107 do\u015bwiadczenie uczni\u00f3w z Emaus \u2013 s\u0142uchanie S\u0142owa Pana i karmienie si\u0119 Chlebem eucharystycznym sprawi, \u017ce nasze serce b\u0119dzie mog\u0142o zn\u00f3w p\u0142on\u0105\u0107 wiar\u0105, nadziej\u0105 i mi\u0142o\u015bci\u0105.<\/p>\n<p>B\u0142ogos\u0142awi\u0119 wam z serca i modl\u0119 si\u0119 za was. Nie zapominajcie modli\u0107 si\u0119 za mnie.<\/p>\n<p><em>Franciszek<\/em><\/p>\n<p>Watykan, 1 listopada 2017 r.<\/p>\n<p>&nbsp;<\/p>\n<p>Przypisy:<\/p>\n<ol>\n<li>Msza\u0142 rzymski, I Niedziela Wielkiego Postu, Kolekta.<\/li>\n<li>\u201eCesarz, w\u0142adn\u0105cy nad krain\u0105 n\u0119dzy,\/ Z lodu wystercza\u0142 do po\u0142owy \u0142ona, Piek\u0142o, XXXIV, 28-29, przek\u0142. Edward Por\u0119bowicz.<\/li>\n<li>\u201eTo kuriozalne, ale cz\u0119sto boimy si\u0119 pocieszenia, tego, \u017ce zostaniemy pocieszeni. Co wi\u0119cej, czujemy si\u0119 bezpieczniejsi w smutku i strapieniu. Czy wiecie, dlaczego? Bo w smutku czujemy si\u0119 prawie g\u0142\u00f3wnymi postaciami. Natomiast w pocieszeniu g\u0142\u00f3wn\u0105 postaci\u0105 jest Duch \u015awi\u0119ty\u201d (rozwa\u017canie przed modlitw\u0105 Anio\u0142 Pa\u0144ski, 7 grudnia 2014 r., w: \u201eL\u2019Osservatore Romano\u201d, wyd. polskie, n.1\/2015, s. 58.<\/li>\n<li>Nn. 76-109.<\/li>\n<li>Por. Benedykt XVI, Enc. Spe salvi, 33.<\/li>\n<li>Por. Pius XII, Enc. Fidei donum, III<\/li>\n<li>Msza\u0142 rzymski, Wigilia Paschalna, Liturgia \u015bwiat\u0142a.<\/li>\n<\/ol>\n<p style=\"text-align: center;\"><a href=\"http:\/\/www.mbnp.archidiecezja.wroc.pl\/wp-content\/uploads\/2018\/02\/oredzie_franciszek_wielki_post_2018.jpg\" rel=\"lightbox[3011]\"><img decoding=\"async\" loading=\"lazy\" class=\"aligncenter size-large wp-image-3057\" src=\"http:\/\/www.mbnp.archidiecezja.wroc.pl\/wp-content\/uploads\/2018\/02\/oredzie_franciszek_wielki_post_2018-1024x678.jpg\" alt=\"oredzie_franciszek_wielki_post_2018\" width=\"648\" height=\"429\" srcset=\"http:\/\/www.mbnp.archidiecezja.wroc.pl\/wp-content\/uploads\/2018\/02\/oredzie_franciszek_wielki_post_2018.jpg 1024w, http:\/\/www.mbnp.archidiecezja.wroc.pl\/wp-content\/uploads\/2018\/02\/oredzie_franciszek_wielki_post_2018-300x199.jpg 300w\" sizes=\"(max-width: 648px) 100vw, 648px\" \/><\/a><\/p>\n","protected":false},"excerpt":{"rendered":"<p>Dzisiaj rozpoczynamy okres Wielkiego Postu. Posypano nam g\u0142owy popio\u0142em, kt\u00f3ry jest miedzy innymi symbolem odrodzenia duchowego. Jak feniks odradza si\u0119 z popio\u0142u tak i my przez okres \u00a0Wielkiego Postu odradzajmy &#8230;<\/p>\n","protected":false},"author":9,"featured_media":0,"comment_status":"closed","ping_status":"open","sticky":false,"template":"","format":"standard","meta":[],"categories":[10],"tags":[],"_links":{"self":[{"href":"http:\/\/www.mbnp.archidiecezja.wroc.pl\/index.php?rest_route=\/wp\/v2\/posts\/3011"}],"collection":[{"href":"http:\/\/www.mbnp.archidiecezja.wroc.pl\/index.php?rest_route=\/wp\/v2\/posts"}],"about":[{"href":"http:\/\/www.mbnp.archidiecezja.wroc.pl\/index.php?rest_route=\/wp\/v2\/types\/post"}],"author":[{"embeddable":true,"href":"http:\/\/www.mbnp.archidiecezja.wroc.pl\/index.php?rest_route=\/wp\/v2\/users\/9"}],"replies":[{"embeddable":true,"href":"http:\/\/www.mbnp.archidiecezja.wroc.pl\/index.php?rest_route=%2Fwp%2Fv2%2Fcomments&post=3011"}],"version-history":[{"count":2,"href":"http:\/\/www.mbnp.archidiecezja.wroc.pl\/index.php?rest_route=\/wp\/v2\/posts\/3011\/revisions"}],"predecessor-version":[{"id":3058,"href":"http:\/\/www.mbnp.archidiecezja.wroc.pl\/index.php?rest_route=\/wp\/v2\/posts\/3011\/revisions\/3058"}],"wp:attachment":[{"href":"http:\/\/www.mbnp.archidiecezja.wroc.pl\/index.php?rest_route=%2Fwp%2Fv2%2Fmedia&parent=3011"}],"wp:term":[{"taxonomy":"category","embeddable":true,"href":"http:\/\/www.mbnp.archidiecezja.wroc.pl\/index.php?rest_route=%2Fwp%2Fv2%2Fcategories&post=3011"},{"taxonomy":"post_tag","embeddable":true,"href":"http:\/\/www.mbnp.archidiecezja.wroc.pl\/index.php?rest_route=%2Fwp%2Fv2%2Ftags&post=3011"}],"curies":[{"name":"wp","href":"https:\/\/api.w.org\/{rel}","templated":true}]}}