{"id":3004,"date":"2018-02-01T15:45:31","date_gmt":"2018-02-01T14:45:31","guid":{"rendered":"http:\/\/www.mbnp.archidiecezja.wroc.pl\/?p=3004"},"modified":"2024-05-02T16:18:44","modified_gmt":"2024-05-02T14:18:44","slug":"2-ii-2018-r-dyspensa-od-obowiazku-wstrzemiezliwosci-od-pokarmow-miesnych","status":"publish","type":"post","link":"http:\/\/www.mbnp.archidiecezja.wroc.pl\/?p=3004","title":{"rendered":"2 II 2018 r. &#8211; dyspensa od obowi\u0105zku wstrzemi\u0119\u017aliwo\u015bci od pokarm\u00f3w mi\u0119snych"},"content":{"rendered":"<p>JE ks. Abp J\u00f3zef Kupny udzieli\u0142 na dzie\u0144 2 lutego 2018 r. dyspensy od obowi\u0105zku wstrzemi\u0119\u017aliwo\u015bci od pokarm\u00f3w mi\u0119snych.<\/p>\n<p style=\"text-align: center;\"><a href=\"http:\/\/www.mbnp.archidiecezja.wroc.pl\/wp-content\/uploads\/2018\/02\/e3e5fadf-169b-4cce-9b70-75598c7ac28c.jpg\" rel=\"lightbox[3004]\"><img decoding=\"async\" loading=\"lazy\" class=\"aligncenter size-large wp-image-3005\" src=\"http:\/\/www.mbnp.archidiecezja.wroc.pl\/wp-content\/uploads\/2018\/02\/e3e5fadf-169b-4cce-9b70-75598c7ac28c-725x1024.jpg\" alt=\"e3e5fadf-169b-4cce-9b70-75598c7ac28c\" width=\"648\" height=\"915\" srcset=\"http:\/\/www.mbnp.archidiecezja.wroc.pl\/wp-content\/uploads\/2018\/02\/e3e5fadf-169b-4cce-9b70-75598c7ac28c-725x1024.jpg 725w, http:\/\/www.mbnp.archidiecezja.wroc.pl\/wp-content\/uploads\/2018\/02\/e3e5fadf-169b-4cce-9b70-75598c7ac28c-213x300.jpg 213w, http:\/\/www.mbnp.archidiecezja.wroc.pl\/wp-content\/uploads\/2018\/02\/e3e5fadf-169b-4cce-9b70-75598c7ac28c.jpg 850w\" sizes=\"(max-width: 648px) 100vw, 648px\" \/><\/a><\/p>\n","protected":false},"excerpt":{"rendered":"<p>JE ks. Abp J\u00f3zef Kupny udzieli\u0142 na dzie\u0144 2 lutego 2018 r. dyspensy od obowi\u0105zku wstrzemi\u0119\u017aliwo\u015bci od pokarm\u00f3w mi\u0119snych.<\/p>\n","protected":false},"author":7,"featured_media":0,"comment_status":"closed","ping_status":"open","sticky":false,"template":"","format":"standard","meta":[],"categories":[10],"tags":[],"_links":{"self":[{"href":"http:\/\/www.mbnp.archidiecezja.wroc.pl\/index.php?rest_route=\/wp\/v2\/posts\/3004"}],"collection":[{"href":"http:\/\/www.mbnp.archidiecezja.wroc.pl\/index.php?rest_route=\/wp\/v2\/posts"}],"about":[{"href":"http:\/\/www.mbnp.archidiecezja.wroc.pl\/index.php?rest_route=\/wp\/v2\/types\/post"}],"author":[{"embeddable":true,"href":"http:\/\/www.mbnp.archidiecezja.wroc.pl\/index.php?rest_route=\/wp\/v2\/users\/7"}],"replies":[{"embeddable":true,"href":"http:\/\/www.mbnp.archidiecezja.wroc.pl\/index.php?rest_route=%2Fwp%2Fv2%2Fcomments&post=3004"}],"version-history":[{"count":1,"href":"http:\/\/www.mbnp.archidiecezja.wroc.pl\/index.php?rest_route=\/wp\/v2\/posts\/3004\/revisions"}],"predecessor-version":[{"id":3006,"href":"http:\/\/www.mbnp.archidiecezja.wroc.pl\/index.php?rest_route=\/wp\/v2\/posts\/3004\/revisions\/3006"}],"wp:attachment":[{"href":"http:\/\/www.mbnp.archidiecezja.wroc.pl\/index.php?rest_route=%2Fwp%2Fv2%2Fmedia&parent=3004"}],"wp:term":[{"taxonomy":"category","embeddable":true,"href":"http:\/\/www.mbnp.archidiecezja.wroc.pl\/index.php?rest_route=%2Fwp%2Fv2%2Fcategories&post=3004"},{"taxonomy":"post_tag","embeddable":true,"href":"http:\/\/www.mbnp.archidiecezja.wroc.pl\/index.php?rest_route=%2Fwp%2Fv2%2Ftags&post=3004"}],"curies":[{"name":"wp","href":"https:\/\/api.w.org\/{rel}","templated":true}]}}