{"id":2925,"date":"2017-12-26T12:12:04","date_gmt":"2017-12-26T11:12:04","guid":{"rendered":"http:\/\/www.mbnp.archidiecezja.wroc.pl\/?p=2925"},"modified":"2021-07-02T16:48:33","modified_gmt":"2021-07-02T14:48:33","slug":"adoracja-najswietszego-sakramentu-2","status":"publish","type":"post","link":"http:\/\/www.mbnp.archidiecezja.wroc.pl\/?p=2925","title":{"rendered":"Adoracja Naj\u015bwi\u0119tszego Sakramentu"},"content":{"rendered":"<p style=\"text-align: center;\">Adoracja Naj\u015bwi\u0119tszego Sakramentu<\/p>\n<p style=\"text-align: center;\">\u00a0Pi\u0105tek 29 XII 2017<\/p>\n<table class=\"table table-bordered\" border=\"1\">\n<tbody>\n<tr>\n<td width=\"177\">GODZINA:<\/td>\n<td width=\"530\">WSP\u00d3LNOTA<\/td>\n<\/tr>\n<tr>\n<td width=\"177\">7:00<\/td>\n<td width=\"530\">Msza \u015bw.<\/td>\n<\/tr>\n<tr>\n<td width=\"177\">7:30-8:00<\/td>\n<td width=\"530\">Adoracja indywidualna<\/td>\n<\/tr>\n<tr>\n<td width=\"177\">8:00-9:00<\/td>\n<td width=\"530\"><strong>Apostolstwo Dobrej \u015amierci<\/strong><\/td>\n<\/tr>\n<tr>\n<td width=\"177\">9:00-10:00<\/td>\n<td width=\"530\"><strong>KR\u0104G BIBLIJNY<\/strong><\/td>\n<\/tr>\n<tr>\n<td width=\"177\">10:00-11:00<\/td>\n<td width=\"530\">\u017bywy R\u00f3\u017caniec: <strong>1 i 2 r\u00f3\u017ca<\/strong><\/td>\n<\/tr>\n<tr>\n<td width=\"177\">11:00-12:00<\/td>\n<td width=\"530\">\u017bywy R\u00f3\u017caniec: <strong>3 i 4 r\u00f3\u017ca<\/strong><\/td>\n<\/tr>\n<tr>\n<td width=\"177\">12:00-13:00<\/td>\n<td width=\"530\">\u017bywy R\u00f3\u017caniec: <strong>5 i 6 r\u00f3\u017ca<\/strong><\/td>\n<\/tr>\n<tr>\n<td width=\"177\">13:00-14:00<\/td>\n<td width=\"530\">\u017bywy R\u00f3\u017caniec: <strong>7 i 8 r\u00f3\u017ca<\/strong><\/td>\n<\/tr>\n<tr>\n<td width=\"177\">14:00-15:00<\/td>\n<td width=\"530\"><strong>Caritas, Rada Parafialna<\/strong><\/td>\n<\/tr>\n<tr>\n<td width=\"177\">15:00-16:00<\/td>\n<td width=\"530\"><strong>Wsp\u00f3lna Koronka <\/strong>&#8211; <strong>EMMANUEL<\/strong><\/td>\n<\/tr>\n<tr>\n<td width=\"177\">16:00-17:00<\/td>\n<td width=\"530\"><strong>Akcja Katolicka<\/strong><\/td>\n<\/tr>\n<tr>\n<td width=\"177\">17:00-18:00<\/td>\n<td width=\"530\"><strong>Ch\u00f3r Cantica<\/strong><\/td>\n<\/tr>\n<tr>\n<td width=\"177\">18:00<\/td>\n<td width=\"530\"><strong>ZAKO\u0143CZENIE ADORACJI, B\u0141OGOS\u0141AWIE\u0143STWO<\/strong><\/td>\n<\/tr>\n<tr>\n<td colspan=\"2\" width=\"707\">&nbsp;<\/p>\n<p>Zach\u0119camy do wsp\u00f3lnej modlitwy r\u00f3\u017ca\u0144cowej, Koronki do Mi\u0142osierdzia oraz \u015bpiewu pie\u015bni Eucharystycznych.<\/p>\n<p>&nbsp;<\/p>\n<p>Duszpasterze<\/td>\n<\/tr>\n<\/tbody>\n<\/table>\n<p style=\"text-align: center;\"><a href=\"http:\/\/www.mbnp.archidiecezja.wroc.pl\/wp-content\/uploads\/2017\/12\/10.jpg\" rel=\"lightbox[2925]\"><img decoding=\"async\" loading=\"lazy\" class=\"aligncenter size-full wp-image-2931\" src=\"http:\/\/www.mbnp.archidiecezja.wroc.pl\/wp-content\/uploads\/2017\/12\/10.jpg\" alt=\"10\" width=\"600\" height=\"300\" srcset=\"http:\/\/www.mbnp.archidiecezja.wroc.pl\/wp-content\/uploads\/2017\/12\/10.jpg 600w, http:\/\/www.mbnp.archidiecezja.wroc.pl\/wp-content\/uploads\/2017\/12\/10-300x150.jpg 300w\" sizes=\"(max-width: 600px) 100vw, 600px\" \/><\/a><\/p>\n","protected":false},"excerpt":{"rendered":"<p>Adoracja Naj\u015bwi\u0119tszego Sakramentu \u00a0Pi\u0105tek 29 XII 2017 GODZINA: WSP\u00d3LNOTA 7:00 Msza \u015bw. 7:30-8:00 Adoracja indywidualna 8:00-9:00 Apostolstwo Dobrej \u015amierci 9:00-10:00 KR\u0104G BIBLIJNY 10:00-11:00 \u017bywy R\u00f3\u017caniec: 1 i 2 r\u00f3\u017ca 11:00-12:00 &#8230;<\/p>\n","protected":false},"author":7,"featured_media":0,"comment_status":"closed","ping_status":"open","sticky":false,"template":"","format":"standard","meta":[],"categories":[10],"tags":[],"_links":{"self":[{"href":"http:\/\/www.mbnp.archidiecezja.wroc.pl\/index.php?rest_route=\/wp\/v2\/posts\/2925"}],"collection":[{"href":"http:\/\/www.mbnp.archidiecezja.wroc.pl\/index.php?rest_route=\/wp\/v2\/posts"}],"about":[{"href":"http:\/\/www.mbnp.archidiecezja.wroc.pl\/index.php?rest_route=\/wp\/v2\/types\/post"}],"author":[{"embeddable":true,"href":"http:\/\/www.mbnp.archidiecezja.wroc.pl\/index.php?rest_route=\/wp\/v2\/users\/7"}],"replies":[{"embeddable":true,"href":"http:\/\/www.mbnp.archidiecezja.wroc.pl\/index.php?rest_route=%2Fwp%2Fv2%2Fcomments&post=2925"}],"version-history":[{"count":2,"href":"http:\/\/www.mbnp.archidiecezja.wroc.pl\/index.php?rest_route=\/wp\/v2\/posts\/2925\/revisions"}],"predecessor-version":[{"id":2932,"href":"http:\/\/www.mbnp.archidiecezja.wroc.pl\/index.php?rest_route=\/wp\/v2\/posts\/2925\/revisions\/2932"}],"wp:attachment":[{"href":"http:\/\/www.mbnp.archidiecezja.wroc.pl\/index.php?rest_route=%2Fwp%2Fv2%2Fmedia&parent=2925"}],"wp:term":[{"taxonomy":"category","embeddable":true,"href":"http:\/\/www.mbnp.archidiecezja.wroc.pl\/index.php?rest_route=%2Fwp%2Fv2%2Fcategories&post=2925"},{"taxonomy":"post_tag","embeddable":true,"href":"http:\/\/www.mbnp.archidiecezja.wroc.pl\/index.php?rest_route=%2Fwp%2Fv2%2Ftags&post=2925"}],"curies":[{"name":"wp","href":"https:\/\/api.w.org\/{rel}","templated":true}]}}