{"id":2913,"date":"2017-12-23T10:42:32","date_gmt":"2017-12-23T09:42:32","guid":{"rendered":"http:\/\/www.mbnp.archidiecezja.wroc.pl\/?p=2913"},"modified":"2021-08-28T02:37:32","modified_gmt":"2021-08-28T00:37:32","slug":"zyczenia-2","status":"publish","type":"post","link":"http:\/\/www.mbnp.archidiecezja.wroc.pl\/?p=2913","title":{"rendered":"\u017byczenia"},"content":{"rendered":"<p><a href=\"http:\/\/www.mbnp.archidiecezja.wroc.pl\/wp-content\/uploads\/2017\/12\/25443151_1622111144494449_225876234426894699_n-e1514021879359.jpg\" rel=\"lightbox[2913]\"><img decoding=\"async\" loading=\"lazy\" class=\"aligncenter size-full wp-image-2914\" src=\"http:\/\/www.mbnp.archidiecezja.wroc.pl\/wp-content\/uploads\/2017\/12\/25443151_1622111144494449_225876234426894699_n-e1514021879359.jpg\" alt=\"25443151_1622111144494449_225876234426894699_n\" width=\"800\" height=\"800\" \/><\/a><\/p>\n<p style=\"text-align: center;\">Na czas \u015bwi\u0105t Bo\u017cego Narodzenia \u017cyczymy, by udzia\u0142em ka\u017cdego z Nas sta\u0142a si\u0119 ta sama rado\u015b\u0107, jaka ogarn\u0119\u0142a serca pasterzy na widok narodzin Mesjasza. Niech ten czas sp\u0119dzony w gronie rodzinnym sprawi, \u017ce w niepami\u0119\u0107 odejd\u0105 wszelkie wa\u015bnie i zatargi.<\/p>\n<p>Duszpasterze<\/p>\n","protected":false},"excerpt":{"rendered":"<p>Na czas \u015bwi\u0105t Bo\u017cego Narodzenia \u017cyczymy, by udzia\u0142em ka\u017cdego z Nas sta\u0142a si\u0119 ta sama rado\u015b\u0107, jaka ogarn\u0119\u0142a serca pasterzy na widok narodzin Mesjasza. Niech ten czas sp\u0119dzony w gronie &#8230;<\/p>\n","protected":false},"author":7,"featured_media":0,"comment_status":"closed","ping_status":"open","sticky":false,"template":"","format":"standard","meta":[],"categories":[10],"tags":[],"_links":{"self":[{"href":"http:\/\/www.mbnp.archidiecezja.wroc.pl\/index.php?rest_route=\/wp\/v2\/posts\/2913"}],"collection":[{"href":"http:\/\/www.mbnp.archidiecezja.wroc.pl\/index.php?rest_route=\/wp\/v2\/posts"}],"about":[{"href":"http:\/\/www.mbnp.archidiecezja.wroc.pl\/index.php?rest_route=\/wp\/v2\/types\/post"}],"author":[{"embeddable":true,"href":"http:\/\/www.mbnp.archidiecezja.wroc.pl\/index.php?rest_route=\/wp\/v2\/users\/7"}],"replies":[{"embeddable":true,"href":"http:\/\/www.mbnp.archidiecezja.wroc.pl\/index.php?rest_route=%2Fwp%2Fv2%2Fcomments&post=2913"}],"version-history":[{"count":1,"href":"http:\/\/www.mbnp.archidiecezja.wroc.pl\/index.php?rest_route=\/wp\/v2\/posts\/2913\/revisions"}],"predecessor-version":[{"id":2915,"href":"http:\/\/www.mbnp.archidiecezja.wroc.pl\/index.php?rest_route=\/wp\/v2\/posts\/2913\/revisions\/2915"}],"wp:attachment":[{"href":"http:\/\/www.mbnp.archidiecezja.wroc.pl\/index.php?rest_route=%2Fwp%2Fv2%2Fmedia&parent=2913"}],"wp:term":[{"taxonomy":"category","embeddable":true,"href":"http:\/\/www.mbnp.archidiecezja.wroc.pl\/index.php?rest_route=%2Fwp%2Fv2%2Fcategories&post=2913"},{"taxonomy":"post_tag","embeddable":true,"href":"http:\/\/www.mbnp.archidiecezja.wroc.pl\/index.php?rest_route=%2Fwp%2Fv2%2Ftags&post=2913"}],"curies":[{"name":"wp","href":"https:\/\/api.w.org\/{rel}","templated":true}]}}