{"id":2872,"date":"2017-11-18T21:38:14","date_gmt":"2017-11-18T20:38:14","guid":{"rendered":"http:\/\/www.mbnp.archidiecezja.wroc.pl\/?p=2872"},"modified":"2021-08-28T02:36:19","modified_gmt":"2021-08-28T00:36:19","slug":"msza-swieta-z-udzialem-biskupa-z-aleppo","status":"publish","type":"post","link":"http:\/\/www.mbnp.archidiecezja.wroc.pl\/?p=2872","title":{"rendered":"&#8222;Bez przebaczenia nie ma pokoju&#8221; &#8211; Msza \u015bw. z udzia\u0142em Biskupa z Aleppo"},"content":{"rendered":"<p>\u201eBez przebaczenia nie ma pokoju\u201d<\/p>\n<p>wizyta biskupa z Aleppo &#8211; Georges&#8217;a Abou Khazena<\/p>\n<p>&#8222;W imieniu naszej wsp\u00f3lnoty parafialnej pragniemy podzi\u0119kowa\u0107 za spotkanie, za wyg\u0142oszone do nas s\u0142owa. W Twojej osobie mogli\u015bmy si\u0119 spotka\u0107 na Eucharystii z ca\u0142ym Ko\u015bcio\u0142em Aleppo, ze wszystkimi cierpi\u0105cymi Syryjczykami, kt\u00f3rzy s\u0105 tak bliscy naszym sercom. Niewiele mo\u017cemy dla nich zrobi\u0107 poza skromnym wsparciem materialnym. Przyjmij jednak nasze zapewnienie o modlitwie za wszystkich mieszka\u0144c\u00f3w Syrii.&#8221;<!--more--><\/p>\n<p>5 listopada go\u015bci\u0142 w naszej Parafii syryjski biskup z Aleppo &#8211; Georges Abou Khazen. Wizyta by\u0142a zwi\u0105zana z fina\u0142em ekumenicznej akcji Archidiecezji Wroc\u0142awskiej na rzecz szpitala w Aleppo \u201eDar dla Aleppo\u201d. Biskup wyg\u0142osi\u0142 homili\u0119, w kt\u00f3rej podzi\u0119kowa\u0142 za wielkie zaanga\u017cowanie Ko\u015bcio\u0142a w pomoc na rzecz Syrii, za po\u015brednictwem \u201ePomoc Ko\u015bcio\u0142owi w Potrzebie\u201d , jak te\u017c Caritas Polska. Przedstawi\u0142 dramatyczn\u0105 sytuacj\u0119 w czasie wojny w Aleppo, codzienne bombardowania, kt\u00f3re nie oszcz\u0119dzi\u0142y nikogo &#8211; ani dzielnic zamieszka\u0142ych przez ludzi, ani budynk\u00f3w administracji publicznej, ani \u015bwi\u0105ty\u0144. Wiele os\u00f3b widzia\u0142o, jak zabijano ich bliskich.<\/p>\n<p>Pieni\u0105dze zebrane w akcji &#8222;Dar dla Aleppo&#8221;, czyli 1,1 mln z\u0142, bardzo pomog\u0142y Syryjczykom.<\/p>\n<p>\u201eChc\u0119 za\u015bwiadczy\u0107, gdzie id\u0105 pieni\u0105dze, kt\u00f3re zbierali\u015bcie. To pomoc dla Szpitala \u015bw. Ludwika w Aleppo, jednego z pierwszych szpitali w tym mie\u015bcie, prowadzonego przez siostry jezuitki. Budynek bardzo ucierpia\u0142 z powodu wojny, kilka razy zosta\u0142 zbombardowany, a urz\u0105dzenia medyczne zosta\u0142y zniszczone. Przez sankcje nie mogli\u015bmy ich odnowi\u0107. Chcemy pomaga\u0107 rannym po wojnie. Dzi\u0119ki waszej pomocy mo\u017cliwe by\u0142o kupienie odpowiednich urz\u0105dze\u0144 szpitalnych. Szpital jest otwarty dla wszystkich, kt\u00f3rzy potrzebuj\u0105 pomocy, bez wzgl\u0119du na wyznanie czy religi\u0119\u201d.<\/p>\n<p>\u201eProsz\u0119 was o ci\u0105g\u0142\u0105 modlitw\u0119 w naszej intencji, \u017ceby\u015bmy byli \u015bwiadkami jedynego Zbawiciela \u015bwiata. Nasza obecno\u015b\u0107 tam to nie jest jeden numer wi\u0119cej czy mniej w ewidencji. My traktujemy nasz\u0105 obecno\u015b\u0107 jako powo\u0142anie, jako misj\u0119. Chrze\u015bcijanie przekazuj\u0105 pok\u00f3j na syryjskiej ziemi. A przede wszystkim chodzi nam o to, aby uczy\u0107 si\u0119 przebacza\u0107 i uczy\u0107 innych przebaczenia. Bez przebaczenia nie ma pokoju\u201d.<\/p>\n<p>Biskup szczeg\u00f3lnie podzi\u0119kowa\u0142 naszym parafianom za zaanga\u017cowanie w program pomocy rodzinom syryjskim \u201eRodzina rodzinie\u201d : \u201edzi\u0119kujemy wam za pomoc. Wiedz\u0105c, \u017ce bracia w Polsce o nas my\u015bl\u0105 i nas wspomagaj\u0105, czujemy si\u0119 silniejsi. Jeste\u015bmy jedn\u0105 wielk\u0105 rodzin\u0105. Nie czujemy si\u0119 zapomniani\u201d. \u00a0Cz\u0142onkowie PZC z\u0142o\u017cyli w darze o\u0142tarza \u015bwiec\u0119, symbolizuj\u0105c\u0105 pami\u0119\u0107 o ofiarach konflikt\u00f3w wojennych oraz deklaracj\u0119 wsparcia kolejnej rodziny syryjskiej w ramach programu \u201eRodzina rodzinie\u201d. Jest to pi\u0119cioosobowa rodzina z Aleppo.<\/p>\n<p style=\"text-align: center;\"><a href=\"http:\/\/www.mbnp.archidiecezja.wroc.pl\/?page_id=2292&amp;album=6489852948479412561\">GALERIA ZDJ\u0118\u0106 &#8211; MSZA \u015aWI\u0118TA<\/a><\/p>\n<p style=\"text-align: center;\"><a href=\"https:\/\/vod.tvp.pl\/video\/wiadomosci,05112017-1930,34550995\">FRAGMENT Z &#8221; WIADOMO\u015aCI TVP 5.11.2017&#8243;<\/a><\/p>\n","protected":false},"excerpt":{"rendered":"<p>\u201eBez przebaczenia nie ma pokoju\u201d wizyta biskupa z Aleppo &#8211; Georges&#8217;a Abou Khazena &#8222;W imieniu naszej wsp\u00f3lnoty parafialnej pragniemy podzi\u0119kowa\u0107 za spotkanie, za wyg\u0142oszone do nas s\u0142owa. W Twojej osobie &#8230;<\/p>\n","protected":false},"author":9,"featured_media":2877,"comment_status":"closed","ping_status":"open","sticky":false,"template":"","format":"standard","meta":[],"categories":[10],"tags":[],"_links":{"self":[{"href":"http:\/\/www.mbnp.archidiecezja.wroc.pl\/index.php?rest_route=\/wp\/v2\/posts\/2872"}],"collection":[{"href":"http:\/\/www.mbnp.archidiecezja.wroc.pl\/index.php?rest_route=\/wp\/v2\/posts"}],"about":[{"href":"http:\/\/www.mbnp.archidiecezja.wroc.pl\/index.php?rest_route=\/wp\/v2\/types\/post"}],"author":[{"embeddable":true,"href":"http:\/\/www.mbnp.archidiecezja.wroc.pl\/index.php?rest_route=\/wp\/v2\/users\/9"}],"replies":[{"embeddable":true,"href":"http:\/\/www.mbnp.archidiecezja.wroc.pl\/index.php?rest_route=%2Fwp%2Fv2%2Fcomments&post=2872"}],"version-history":[{"count":3,"href":"http:\/\/www.mbnp.archidiecezja.wroc.pl\/index.php?rest_route=\/wp\/v2\/posts\/2872\/revisions"}],"predecessor-version":[{"id":2876,"href":"http:\/\/www.mbnp.archidiecezja.wroc.pl\/index.php?rest_route=\/wp\/v2\/posts\/2872\/revisions\/2876"}],"wp:featuredmedia":[{"embeddable":true,"href":"http:\/\/www.mbnp.archidiecezja.wroc.pl\/index.php?rest_route=\/wp\/v2\/media\/2877"}],"wp:attachment":[{"href":"http:\/\/www.mbnp.archidiecezja.wroc.pl\/index.php?rest_route=%2Fwp%2Fv2%2Fmedia&parent=2872"}],"wp:term":[{"taxonomy":"category","embeddable":true,"href":"http:\/\/www.mbnp.archidiecezja.wroc.pl\/index.php?rest_route=%2Fwp%2Fv2%2Fcategories&post=2872"},{"taxonomy":"post_tag","embeddable":true,"href":"http:\/\/www.mbnp.archidiecezja.wroc.pl\/index.php?rest_route=%2Fwp%2Fv2%2Ftags&post=2872"}],"curies":[{"name":"wp","href":"https:\/\/api.w.org\/{rel}","templated":true}]}}