{"id":2861,"date":"2017-11-13T08:57:39","date_gmt":"2017-11-13T07:57:39","guid":{"rendered":"http:\/\/www.mbnp.archidiecezja.wroc.pl\/?p=2861"},"modified":"2021-08-28T02:36:19","modified_gmt":"2021-08-28T00:36:19","slug":"niedziela-misyjna","status":"publish","type":"post","link":"http:\/\/www.mbnp.archidiecezja.wroc.pl\/?p=2861","title":{"rendered":"Niedziela Misyjna"},"content":{"rendered":"<p>Tegoroczna Niedziela Misyjna w naszej parafii up\u0142yn\u0119\u0142a pod znakiem Adopcji Serca. Ka\u017cda osoba odwiedzaj\u0105ca kawiarenk\u0119 mog\u0142a zapozna\u0107 si\u0119 z dzie\u0107mi zaadoptowanymi w ramach programu przez naszych parafian oraz\u00a0dowiedzie\u0107 si\u0119 o warunkach adopcji. Pomoc\u0105 s\u0142u\u017cy\u0142a Pani Katarzyna Majcher z Ruchu Maitri, kt\u00f3ra odpowiada\u0142a na wszelkie pytania zwi\u0105zane z Adopcj\u0105 Serca.<\/p>\n<p>Przy tej okazji Liturgiczna S\u0142u\u017cba O\u0142tarza wraz ze swoimi rodzicami zbierali fundusze na pomoc s. Hannie Gnatowskiej pos\u0142uguj\u0105cej w Kamerunie.<\/p>\n<p style=\"text-align: center;\"><a href=\"http:\/\/www.mbnp.archidiecezja.wroc.pl\/wp-content\/uploads\/2017\/11\/DSC04934.jpg\" rel=\"lightbox[2861]\"><img decoding=\"async\" loading=\"lazy\" class=\"aligncenter size-large wp-image-2862\" src=\"http:\/\/www.mbnp.archidiecezja.wroc.pl\/wp-content\/uploads\/2017\/11\/DSC04934-1024x681.jpg\" alt=\"DSC04934\" width=\"648\" height=\"431\" srcset=\"http:\/\/www.mbnp.archidiecezja.wroc.pl\/wp-content\/uploads\/2017\/11\/DSC04934.jpg 1024w, http:\/\/www.mbnp.archidiecezja.wroc.pl\/wp-content\/uploads\/2017\/11\/DSC04934-300x200.jpg 300w\" sizes=\"(max-width: 648px) 100vw, 648px\" \/><\/a><\/p>\n<p style=\"text-align: center;\"><a href=\"http:\/\/www.mbnp.archidiecezja.wroc.pl\/?page_id=409&amp;album=6484668003922777857\">GALERIA\u00a0<\/a><\/p>\n","protected":false},"excerpt":{"rendered":"<p>Tegoroczna Niedziela Misyjna w naszej parafii up\u0142yn\u0119\u0142a pod znakiem Adopcji Serca. Ka\u017cda osoba odwiedzaj\u0105ca kawiarenk\u0119 mog\u0142a zapozna\u0107 si\u0119 z dzie\u0107mi zaadoptowanymi w ramach programu przez naszych parafian oraz\u00a0dowiedzie\u0107 si\u0119 o &#8230;<\/p>\n","protected":false},"author":7,"featured_media":0,"comment_status":"closed","ping_status":"open","sticky":false,"template":"","format":"standard","meta":[],"categories":[10],"tags":[],"_links":{"self":[{"href":"http:\/\/www.mbnp.archidiecezja.wroc.pl\/index.php?rest_route=\/wp\/v2\/posts\/2861"}],"collection":[{"href":"http:\/\/www.mbnp.archidiecezja.wroc.pl\/index.php?rest_route=\/wp\/v2\/posts"}],"about":[{"href":"http:\/\/www.mbnp.archidiecezja.wroc.pl\/index.php?rest_route=\/wp\/v2\/types\/post"}],"author":[{"embeddable":true,"href":"http:\/\/www.mbnp.archidiecezja.wroc.pl\/index.php?rest_route=\/wp\/v2\/users\/7"}],"replies":[{"embeddable":true,"href":"http:\/\/www.mbnp.archidiecezja.wroc.pl\/index.php?rest_route=%2Fwp%2Fv2%2Fcomments&post=2861"}],"version-history":[{"count":1,"href":"http:\/\/www.mbnp.archidiecezja.wroc.pl\/index.php?rest_route=\/wp\/v2\/posts\/2861\/revisions"}],"predecessor-version":[{"id":2863,"href":"http:\/\/www.mbnp.archidiecezja.wroc.pl\/index.php?rest_route=\/wp\/v2\/posts\/2861\/revisions\/2863"}],"wp:attachment":[{"href":"http:\/\/www.mbnp.archidiecezja.wroc.pl\/index.php?rest_route=%2Fwp%2Fv2%2Fmedia&parent=2861"}],"wp:term":[{"taxonomy":"category","embeddable":true,"href":"http:\/\/www.mbnp.archidiecezja.wroc.pl\/index.php?rest_route=%2Fwp%2Fv2%2Fcategories&post=2861"},{"taxonomy":"post_tag","embeddable":true,"href":"http:\/\/www.mbnp.archidiecezja.wroc.pl\/index.php?rest_route=%2Fwp%2Fv2%2Ftags&post=2861"}],"curies":[{"name":"wp","href":"https:\/\/api.w.org\/{rel}","templated":true}]}}