{"id":2853,"date":"2017-11-05T06:18:12","date_gmt":"2017-11-05T05:18:12","guid":{"rendered":"http:\/\/www.mbnp.archidiecezja.wroc.pl\/?p=2853"},"modified":"2021-08-28T02:34:24","modified_gmt":"2021-08-28T00:34:24","slug":"koncert-piesni-kompozytorow-polskich-z-okazji-dnia-niepodleglosci","status":"publish","type":"post","link":"http:\/\/www.mbnp.archidiecezja.wroc.pl\/?p=2853","title":{"rendered":"Koncert Pie\u015bni Kompozytor\u00f3w Polskich  z okazji Dnia Niepodleg\u0142o\u015bci"},"content":{"rendered":"<p style=\"text-align: center;\"><strong>Koncert Pie\u015bni Kompozytor\u00f3w Polskich <\/strong><\/p>\n<p style=\"text-align: center;\"><strong>z okazji Dnia Niepodleg\u0142o\u015bci<\/strong><\/p>\n<p style=\"text-align: center;\"><strong>11.11.2017 roku<\/strong><\/p>\n<p style=\"text-align: center;\"><strong>po Mszy \u015bw. o godz. 9.00 w intencji Ojczyzny<\/strong><\/p>\n<p><strong>\u00a0<\/strong><\/p>\n<p><strong>Koncert w wykonaniu:<\/strong><\/p>\n<p>Jadwigi Postro\u017cnej \u2013 mezzosopran (Wroc\u0142aw)<\/p>\n<p>Moniki Piechaczek \u2013 sopran (Opole)<\/p>\n<p>Mateusza Ro\u017cka \u2013 piano (Opole)<\/p>\n<p><strong>\u00a0<\/strong><\/p>\n<p><strong><em>Jadwiga Postro\u017cna<\/em><\/strong> \u2013 Solistka Opery Wroc\u0142awskiej, doktor sztuki w dziedzinie wokalistyki, absolwentka Wydzia\u0142u Wokalnego Akademii Muzycznej im. K. Lipi\u0144skiego we Wroc\u0142awiu.<\/p>\n<p>Laureatka presti\u017cowych konkurs\u00f3w wokalnych w Polsce i za granic\u0105. Wielokrotna stypendystka Ministerstwa Kultury i Dziedzictwa Narodowego a tak\u017ce Ma\u0142opolskiej Fundacji Stypendialnej. Wsp\u00f3\u0142pracowa\u0142a z Filharmoni\u0105 Wroc\u0142awsk\u0105, Filharmonia Kalisk\u0105, Oper\u0105 Ba\u0142tyck\u0105 w Gda\u0144sku, Teatrem Wsp\u00f3\u0142czesnym we Wroc\u0142awiu, Teatrem Polskim we Wroc\u0142awiu, Teatrem Muzycznym \u201eCapitol\u201d i Operetk\u0105 Dolno\u015bl\u0105sk\u0105. Bra\u0142a udzia\u0142 w festiwalach: Vratislavia Cantans, Letnim Festiwalu Operowy w Krynicy-Zdroju oraz Karpaczu, Festiwalu Pie\u015bni Kompozytor\u00f3w Polskich w Warszawie.<\/p>\n<p>Jako solistka Opery Wroc\u0142awskiej stworzy\u0142a ponad dwadzie\u015bcia r\u00f3l operowych, nadal tworz\u0105c nowe kreacje pracuje z wieloma znanymi dyrygentami i re\u017cyserami tworz\u0105c kreacje operowe doceniane przez uznanych polskich i zagranicznych krytyk\u00f3w. W jej repertuarze oratoryjnym i symfonicznym znajduj\u0105 si\u0119 partie altowe oraz mezzosopranowe z dzie\u0142 najwi\u0119kszych kompozytor\u00f3w tego gatunku.<\/p>\n<p>Od wielu lat wsp\u00f3\u0142pracuje z Ch\u00f3rem Mieszanym Canticum Iubilaeum z Limanowej oraz Ch\u00f3rem Ars Cantandi z Uniwersytetu Ekonomicznego we Wroc\u0142awiu \u015bpiewaj\u0105c partie solowe, a tak\u017ce prowadz\u0105c warsztaty wokalne.<\/p>\n<p>W czerwcu tego roku otrzyma\u0142a tytu\u0142 Najlepszej \u015bpiewaczki operowej przyznan\u0105 przez kapitu\u0142\u0119 Teatralnych Nagr\u00f3d Muzycznych w Warszawie.<\/p>\n<p><strong><em>\u00a0<\/em><\/strong><\/p>\n<p><strong><em>Monika Piechaczek<\/em><\/strong><strong> &#8211; <\/strong>Opolanka. Uko\u0144czy\u0142a Akademi\u0119 Muzyczn\u0105 we Wroc\u0142awiu. Ju\u017c w trakcie studi\u00f3w podj\u0119\u0142a wsp\u00f3\u0142prac\u0119 z \u201eOper\u0105 Polsk\u0105\u201d prowadzon\u0105 przez Marka Tracza, z kt\u00f3r\u0105 nieprzerwanie kontynuuje wsp\u00f3\u0142prac\u0119.<\/p>\n<p>Spo\u015br\u00f3d pierwszoplanowych r\u00f3l operowych wykona\u0142a parti\u0119 Zuzanny z \u201eWesela\u00a0 Figara\u201d W.A. Mozarta, parti\u0119 Anny Reich z \u201eWeso\u0142ych kumoszek z Windsoru\u201d O. Nicolaia,\u00a0 parti\u0119 Anny z \u201eNabucco\u201d G. Verdiego, parti\u0119 Frasquity oraz parti\u0119\u00a0 Micaeli\u00a0 z \u201eCarmen\u201d G. Bizeta, parti\u0119 Lizy z \u201eKrainy u\u015bmiechu\u201d Franza Lehara.<\/p>\n<p>Zosta\u0142a dwukrotnie laureatk\u0105 Og\u00f3lnopolskiego Konkursu Wykonawstwa Muzyki Operetkowej i Musicalowej im. Iwony Borowickiej w Krakowie.<\/p>\n<p>Bra\u0142a udzia\u0142 w tourn\u00e9e po Niemczech, Szwajcarii i Polsce z oper\u0105 W.A. Mozarta \u201eCzarodziejski flet\u201d, G. Verdiego \u201eNabucco\u201d.<\/p>\n<p>Regularnie koncertuje w repertuarze operetkowym, operowym, sakralnym w kraju i za granic\u0105 m. in Niemczech, Austrii, Turcji, Danii, Chinach.<\/p>\n<p>Wsp\u00f3\u0142pracuje z wieloma pa\u0144stwowymi instytucjami kulturalnymi oraz licznymi organizacjami animuj\u0105cymi lokalne \u017cycie kulturalne. Jest te\u017c cz\u0119stym go\u015bciem licznych festiwali m. in Festiwalu Kiepury, Mi\u0119dzynarodowego Festiwalu Muzyki Wiede\u0144skiej, Festiwalu Muzyka Epok, Festiwalu \u201eSpotkajmy si\u0119 na \u017beromskiego\u201d, Letniego Festiwalu Operowego.<\/p>\n<p>&nbsp;<\/p>\n<p><strong>Mateusz Ro\u017cek<\/strong>, urodzony w Opolu. Absolwent Uniwersytetu Muzycznego Fryderyka Chopina w Warszawie.<\/p>\n<p>Artysta bra\u0142 udzia\u0142 w festiwalach i konkursach pianistycznych o zasie\u0328gu og\u00f3lnopolskim i mie\u0328dzynarodowym zdobywaja\u0328c liczne nagrody i wyr\u00f3z\u0307nienia.<\/p>\n<p>Dokona\u0142 licznych nagran\u0301 p\u0142ytowych zrealizowanych w Studiu Polskiego Radia w Katowicach, Studiu Koncertowym Polskiego Radia im. W. Lutos\u0142awskiego w Warszawie.<\/p>\n<p style=\"text-align: center;\"><a href=\"http:\/\/www.mbnp.archidiecezja.wroc.pl\/?page_id=2292&amp;album=6488345457580864241\">GALERIA ZDJ\u0118\u0106<\/a><\/p>\n","protected":false},"excerpt":{"rendered":"<p>Koncert Pie\u015bni Kompozytor\u00f3w Polskich z okazji Dnia Niepodleg\u0142o\u015bci 11.11.2017 roku po Mszy \u015bw. o godz. 9.00 w intencji Ojczyzny \u00a0 Koncert w wykonaniu: Jadwigi Postro\u017cnej \u2013 mezzosopran (Wroc\u0142aw) Moniki Piechaczek &#8230;<\/p>\n","protected":false},"author":7,"featured_media":2866,"comment_status":"closed","ping_status":"open","sticky":false,"template":"","format":"standard","meta":[],"categories":[10],"tags":[],"_links":{"self":[{"href":"http:\/\/www.mbnp.archidiecezja.wroc.pl\/index.php?rest_route=\/wp\/v2\/posts\/2853"}],"collection":[{"href":"http:\/\/www.mbnp.archidiecezja.wroc.pl\/index.php?rest_route=\/wp\/v2\/posts"}],"about":[{"href":"http:\/\/www.mbnp.archidiecezja.wroc.pl\/index.php?rest_route=\/wp\/v2\/types\/post"}],"author":[{"embeddable":true,"href":"http:\/\/www.mbnp.archidiecezja.wroc.pl\/index.php?rest_route=\/wp\/v2\/users\/7"}],"replies":[{"embeddable":true,"href":"http:\/\/www.mbnp.archidiecezja.wroc.pl\/index.php?rest_route=%2Fwp%2Fv2%2Fcomments&post=2853"}],"version-history":[{"count":3,"href":"http:\/\/www.mbnp.archidiecezja.wroc.pl\/index.php?rest_route=\/wp\/v2\/posts\/2853\/revisions"}],"predecessor-version":[{"id":2867,"href":"http:\/\/www.mbnp.archidiecezja.wroc.pl\/index.php?rest_route=\/wp\/v2\/posts\/2853\/revisions\/2867"}],"wp:featuredmedia":[{"embeddable":true,"href":"http:\/\/www.mbnp.archidiecezja.wroc.pl\/index.php?rest_route=\/wp\/v2\/media\/2866"}],"wp:attachment":[{"href":"http:\/\/www.mbnp.archidiecezja.wroc.pl\/index.php?rest_route=%2Fwp%2Fv2%2Fmedia&parent=2853"}],"wp:term":[{"taxonomy":"category","embeddable":true,"href":"http:\/\/www.mbnp.archidiecezja.wroc.pl\/index.php?rest_route=%2Fwp%2Fv2%2Fcategories&post=2853"},{"taxonomy":"post_tag","embeddable":true,"href":"http:\/\/www.mbnp.archidiecezja.wroc.pl\/index.php?rest_route=%2Fwp%2Fv2%2Ftags&post=2853"}],"curies":[{"name":"wp","href":"https:\/\/api.w.org\/{rel}","templated":true}]}}