{"id":2839,"date":"2017-10-28T16:30:44","date_gmt":"2017-10-28T14:30:44","guid":{"rendered":"http:\/\/www.mbnp.archidiecezja.wroc.pl\/?p=2839"},"modified":"2021-08-28T02:35:55","modified_gmt":"2021-08-28T00:35:55","slug":"final-akcji-rodzina-rodzinie","status":"publish","type":"post","link":"http:\/\/www.mbnp.archidiecezja.wroc.pl\/?p=2839","title":{"rendered":"Fina\u0142 akcji DAR DLA ALEPPO"},"content":{"rendered":"<p><strong>Streszczenie artyku\u0142u o. Firasa OFM Lotfi z Aleppo<\/strong><\/p>\n<p><strong>Syria: trzy nieuleczalne rany i wyzwanie, by si\u0119 odrodzi\u0107<\/strong><\/p>\n<p><strong>Pielgrzymka PKWP do<\/strong><strong> Fatimy 2017 <\/strong><\/p>\n<p>&nbsp;<\/p>\n<p><strong>1) Og\u00f3lny zarys sytuacji w Syrii<\/strong><\/p>\n<p>Syria jest terenem najpowa\u017cniejszego jak dot\u0105d dramatu w XXI wielku. Aleppo zosta\u0142o okre\u015blone przez ONZ jako najniebezpieczniejsze miasto na \u015bwiecie. W rzeczywisto\u015bci ta dawna stolica duchowa i intelektualna Syrii dzisiaj le\u017cy kompeltnie w ruinach. Brakuje wszystkiego, by godnie \u017cy\u0107: wody, chleba&#8230; Do niedawna to wszystko prze\u017cywano w codziennym, nieust\u0119puj\u0105cym poczuciu zagro\u017cenia, co jest udzia\u0142em ogromnej liczby niewinnych ludzi, nigdy nie bior\u0105cych broni do r\u0119ki. Nie ma bezpiecznej przestrzeni nawet w ko\u015bciele czy w meczecie. Najwi\u0119kszym bie\u017c\u0105cym wyzwaniem jest przyj\u0105c rodziny szukaj\u0105ce schronienia.<\/p>\n<p>Wed\u0142ug ostatnich statystyk zgin\u0119\u0142o prawie 500 tysi\u0119cy os\u00f3b, (prosz\u0119 traktowa\u0107 te cyfry jako bardzo przybli\u017cone!). Po\u0142owa ofiar to dzieci i kobiety. Ponad 6 milion\u00f3w uchod\u017ac\u00f3w znajduje si\u0119 w krajach przygranicznych. Setki os\u00f3b wyemigrowa\u0142o, rozpaczliwie pr\u00f3buj\u0105c ratowa\u0107 w\u0142asne \u017cycie i \u017cycie najbli\u017cszych. Wiele z nich zgin\u0119\u0142o w morzu. Przybli\u017cona liczba zatopionych z powodu imigracji to ok. 10.000 os\u00f3b. Z punktu widzenia demograficznego Aleppo dozna\u0142o katastroficznej zmiany: z 250 tysi\u0119cy mieszka\u0144c\u00f3w pozosta\u0142o w nim zaledwie 32 tysi\u0105ce. Chodzi o jedno z najstarszych miast \u015bwiata, bezcenne dziedzictwo historyczne naszej cywilizacji! To tak\u017ce przyk\u0142adowe miejsce pokojowego wsp\u00f3\u0142istnienia wielu kultur i narodowo\u015bci.<\/p>\n<p>22 grudnia 2016 zosta\u0142 podpisany pok\u00f3j. Wraca wzgl\u0119dne poczucie bezpiecze\u0144stwa. Wida\u0107 samochody, u\u015bmiechni\u0119te dzieci i zwyk\u0142y harmider codzienno\u015bci. Autor artyku\u0142u jest sk\u0142onny przypisa\u0107 to wstawiennictwu Matki Bo\u017cej i modlitwie dzieci. Miasto Aleppo zosta\u0142o po\u015bwi\u0119cone Niepokalanemu Sercu Maryi 13 maja 2016 roku, gdy by\u0142o jeszcze w r\u0119kach terroryst\u00f3w.<\/p>\n<p><strong>2) Wyzwania zwi\u0105zane z odrodzeniem<\/strong><\/p>\n<p>Aleppo jest wolne, ale znajduje si\u0119 pod stosami ruin, a pozostali w nim mieszka\u0144cy nios\u0105 traumy i rany zwnetrzne i wewn\u0119trzne. Pozosta\u0142e miasta s\u0105 w r\u0119kach dzihadyst\u00f3w: Dei Alzour, Al Raqqa (stolica tzw. pa\u0144stwa islamskiego), Idlib, Jisr Alshougour. Cytat wypowiedzi syryjskiego rzymskokatolickiego biskupa J.E. Georgesa Abou Khazena: wyzwanie dotycz\u0105ce<\/p>\n<ul>\n<li><strong>pojednania i przebaczenia pomi\u0119dzy pojedynczymi mieszka\u0144cami i grupami etnicznymi i wyznaniowymi<\/strong>;<\/li>\n<li><strong>uzdrowienia fizycznego i psychicznego, zw\u0142aszcza w\u015br\u00f3d dzieci i m\u0142odzie\u017cy;<\/strong><\/li>\n<li><strong>wychowania<\/strong>: dzieci wyros\u0142e bez rodzic\u00f3w, pod opiek\u0105 niewiele starszego rodze\u0144stwa! Statystyki podaj\u0105, \u017ce co najmniej 2 000 (duemila) dzieci nie posiada \u017cadnego z rodzic\u00f3w, nie ma dokument\u00f3w stwierdzaj\u0105cych to\u017csamo\u015b\u0107. Wiele z nich nie chodzi\u0142o do szko\u0142y 4-5 lat!<\/li>\n<li><strong>znalezienia \u017ar\u00f3de\u0142 utrzymania;<\/strong><\/li>\n<li><strong>odbudowy z my\u015bl\u0105 o powrocie wielu: <\/strong>budynki prywatne i publiczne zniszczone w r\u00f3\u017cnym stopniu, bardzo trudno jest znale\u017a\u0107 dzisiaj miejsce dla rodzin.<\/li>\n<\/ul>\n<p>&nbsp;<\/p>\n<p><strong><em>Sub tuum praesidium confugimus, Sancta Dei Genitrix<\/em><\/strong><\/p>\n<p>Kilka przyk\u0142ad\u00f3w uznawanych przez chrze\u015bcijan za pomoc Matki Bo\u017cej<\/p>\n<p>(a) 21 maja 2015 w wiosce Karyateen, niedaleko Palmyry, zosta\u0142 uprowadzony przez pa\u0144stwo islamskie Daesch syryjski ksi\u0105dz katolicki. Cztery miesi\u0105ce i 20 dni pozostawa\u0142 w r\u0119kach porywaczy: prze\u015bladowany, torturowany, maltretowany, gro\u017cono mu odci\u0119ciem g\u0142owy, je\u015bli nie przejdzie na islam. Ksi\u0105dz przypisuje swoje uwolnienie Matce Bo\u017cej. Nie rozstawa\u0142 si\u0119 z r\u00f3\u017ca\u0144cem. Podobnie prze\u017cy\u0142o 250 chrze\u015bcijan, kt\u00f3rych tzw. pa\u0144stwo islamskie uprowadzi\u0142o do niewoli naje\u017cd\u017caj\u0105c na ich wiosk\u0119.<\/p>\n<p>(b) 25 pa\u017adziernika 2015 w czasie niedzielnej Mszy \u015bw. spad\u0142a bomba. Ponad 400 wiernych znajdowa\u0142o si\u0119 w ko\u015bciele. fedeli. Na szcz\u0119\u015bcie pocisk tylko przedziurawi\u0142 dach ko\u015bcio\u0142a, ale wybuch\u0142 na zewn\u0105trz.<\/p>\n<p>(c) 21 maja 2016 na klasztor franciszka\u0144ski, kt\u00f3rego jestem prze\u0142o\u017conym (by\u0142e kolegium \u015bw. Antoniego) spad\u0142y liczne bomby. Jedna z chorych starszych os\u00f3b przyj\u0119ta przez nas zmar\u0142a natychmiast, dwie inne zosta\u0142y ranne. Te osoby ju\u017c raz unikn\u0119\u0142y podobnej \u015bmierci w bombardowanym domu pomocy spo\u0142ecznej. Poniewa\u017c nie mog\u0142y znale\u017a\u0107 miejsca przytu\u0142ku, przyj\u0119li\u015bmy je u nas od ponad 3,5 roku. Dla nas cudem by\u0142o, \u017ce \u015bmier\u0107 nie dotkn\u0119\u0142a licznych dzieci i ich rodzin przebywaj\u0105cych na dziedzi\u0144cu, tylko pani\u0105 Ren\u00e9e licz\u0105c\u0105 94 anni.<\/p>\n<p>(b) W tym roku na obozie wakacyjnym zgrupowali\u015bmy <strong>860<\/strong> dzieci i m\u0142odzie\u017cy; podw\u00f3jna liczba w stosunku do ubieg\u0142ego roku. Dwa miesi\u0105ce \u015bwi\u0119ta \u017cycia dzi\u0119ki zaanga\u017cowaniu wolontariuszy, wychowawc\u00f3w i psycholog\u00f3w, zako\u0144czone wsp\u00f3lnym \u015bwi\u0119towaniem z rodzinami. Obj\u0119\u0142o ono ponad 2 tysi\u0105ce os\u00f3b.<\/p>\n<p>(d) Uda\u0142o si\u0119 nam, dzi\u0119ki Bogu i z udzia\u0142em wielu darczy\u0144c\u00f3w, przeprowadzi\u0107 niekt\u00f3re prace remontowe w naszym by\u0142ym kolegium \u015bw. Antoniego z Padwy.\u00a0 Przestrze\u0144 modlitwy, spotka\u0144, zabawy. Przez miesi\u0105c sierpie\u0144 ponad 5\u00a0000 os\u00f3b korzysta\u0142o z basenu, kt\u00f3ry uda\u0142o nam si\u0119 doprowadzi\u0107 do stanu u\u017cywalno\u015bci.<\/p>\n<p>Jako \u015bwiat\u0142a nadziei w kontek\u015bcie ciemno\u015bci przytocz\u0119 wszystkie inicjatywy, jakie powstaj\u0105 dzi\u0119ki zgromadzeniom zakonnym i stowarzyszeniom przyko\u015bcielnym. Obrazuj\u0105 one przys\u0142owie w\u0142oskie: \u201cwi\u0119cej ha\u0142asu robi jedno upadaj\u0105ce drzewo ni\u017c sto innych rosn\u0105cych w ciszy\u201d. Ponadto, jak mawia\u0142a Matka Tersa z Kalkuty, to, co robimy, jest mo\u017ce kropl\u0105 w oceanie, al ebez niej ocean nie by\u0142by taki sam.<\/p>\n<p><strong>ACN<\/strong> = Pomoc Ko\u015bcio\u0142owi w Potrzebie podj\u0119\u0142o na rzecz Syryjczyk\u00f3w dzisi\u0105tki projekt\u00f3w, takich jak kosze \u017cywno\u015bciowe, ubrania, produkty higieniczne, p\u0142yn grzewczy, wyposa\u017cenie szk\u00f3\u0142 i uczni\u00f3w, opieka medyczna itp. Tylko w Aleppo szpital \u015bw. Ludwika dosta\u0142 250 tysi\u0119cy euro na najkonieczniejsze potrzeby. Pomoc otrzyma\u0142y tam te\u017c centra duszpasterskie i katechetyczne. Aleppo). Teraz ruszaj\u0105 projekty odbudowy ko\u015bcio\u0142\u00f3w ca\u0142kowicie zr\u00f3wnanych z ziemi\u0105, a tak\u017ce dom\u00f3w rodzinnych.<\/p>\n<p>(Najserdeczniejsze podzi\u0119kowania za szczodro\u015b\u0107 na ca\u0142ym Bliskim wschodzie dla PKWP).<\/p>\n<div class=\"LightboxImage\">\n<div class=\"document-viewer__layout-black\">\n<div id=\"viewerContainer\" class=\"document-viewer__content LightboxImage-document\">\n<div id=\"viewer\" class=\"pdfViewer\">\n<div class=\"page\" data-page-number=\"1\" data-loaded=\"true\">\n<div class=\"textLayer\">\n<div style=\"text-align: center;\"><\/div>\n<div style=\"text-align: center;\">Ludzie s\u0105 o wiele lepsi ni\u017c nam si\u0119 wydaje&#8230;<\/div>\n<div>W \u015arod\u0119 Popielcow\u0105, kiedy nasze my\u015bli w spos\u00f3b naturalny koncentruj\u0105 si\u0119 na przemijalno\u015bci i krucho\u015bci ludzkiego \u017cycia, Dolny \u015al\u0105sk, z inicjatywy ks. abpa J\u00f3zefa Kupnego, rozpocz\u0105\u0142 szlachetn\u0105 inicjatyw\u0119 zbi\u00f3rki \u015brodk\u00f3w na pomoc dla jednego ze szpitali z Aleppo, szpitala \u015bw. Louisa. Do tej pory uda\u0142o nam si\u0119 zebra\u0107 1100000 z\u0142otych. Inicjatywa Ksi\u0119dza Arcybiskupa, wsparta przez Papieskie Stowarzyszenie Pomoc Ko\u015bcio\u0142owi w Potrzebie, zjednoczy\u0142a do tego szlachetnego dzie\u0142a wszystkie Ko\u015bcio\u0142y, przedstawicieli wszystkich partii politycznych, administracj\u0119 samorz\u0105dow\u0105, rz\u0105dow\u0105, Stra\u017c, Policj\u0119 i wiele innych instytucji dzia\u0142aj\u0105cych na terenie Dolnego \u015al\u0105ska.<\/div>\n<div>Syria to kraj od wielu lat pogr\u0105\u017cony w wojnie. Statystyki organizacji mi\u0119dzynarodowych s\u0105 pora\u017caj\u0105ce: 7,2 miliona uchod\u017ac\u00f3w wewn\u0119trznych, oko\u0142o 400 tysi\u0119cy ofiar \u015bmiertelnych, podobna liczba os\u00f3b zmar\u0142a z powodu braku dost\u0119pu do koniecznych lek\u00f3w, zniszczone szpitale, szko\u0142y, brak \u017cywno\u015bci, pr\u0105du i innych koniecznych \u015brodk\u00f3w do \u017cycia. Takie zbi\u00f3rki jak ta przeprowadzona na Dolnym \u015al\u0105sku pomagaj\u0105 nam cho\u0107 troch\u0119 ul\u017cy\u0107 losowi mieszka\u0144c\u00f3w<\/div>\n<div>Syrii. Mamy \u015bwiadomo\u015b\u0107, \u017ce nie jeste\u015bmy w stanie zlikwidowa\u0107 wszelkiego z\u0142a tego \u015bwiata, ale ka\u017cde wyleczone dziecko, ka\u017cdy u\u015bmiech rodzica, kt\u00f3ry otrzyma\u0142 pomoc, sprawia, \u017ce ten \u015bwiat jest cho\u0107 odrobin\u0119 lepszy i to by\u0142a g\u0142\u00f3wna idea, kt\u00f3ra przy\u015bwieca\u0142a naszej akcji \u201eDolny \u015al\u0105sk dla Aleppo\u201d.<\/div>\n<div>Najcz\u0119\u015bciej powtarzan\u0105 pro\u015bb\u0105 kierowan\u0105 do mnie podczas pobytu w Syrii by\u0142y s\u0142owa: \u201eDzi\u0119kujemy Polakom, \u017ce o nas nie zapominaj\u0105. Prosimy Was, nie znud\u017acie si\u0119 t\u0105 pomoc\u0105, chocia\u017c trwa ona tyle lat\u201d. To dzi\u0119ki takiej pomocy, jak\u0105 przekaza\u0142 Dolny \u015al\u0105sk, wielu mieszka\u0144c\u00f3w Aleppo i innych miast pozosta\u0142o w swojej ojczy\u017anie. Co wi\u0119cej, niekt\u00f3rzy nawet wracaj\u0105 zza granicy. Przyk\u0142ad Dolnego \u015al\u0105ska znajduje ju\u017c na\u015bladowc\u00f3w w Polsce, gdy\u017c<\/div>\n<div>Lubelszczyzna rozpocz\u0119\u0142a podobn\u0105 zbi\u00f3rk\u0119, tym razem maj\u0105c\u0105 na celu odbudow\u0119 mieszka\u0144. Jak widzimy, dobro potrafi by\u0107 zara\u017aliwe. Pragn\u0119 wyrazi\u0107 moje najg\u0142\u0119bsze wyrazy wdzi\u0119czno\u015bci Ksi\u0119dzu Arcybiskupowi i Biskupom Metropolii Wroc\u0142awskiej, zar\u00f3wno katolickim jak i przedstawicielom Ko\u015bcio\u0142\u00f3w prawos\u0142awnego i protestanckiego. Za trud przeprowadzenia zbi\u00f3rek w parafiach gor\u0105co dzi\u0119kuj\u0119 czcigodnym Ksi\u0119\u017com Proboszczom i wszystkim, kt\u00f3rzy si\u0119 do nich przyczynili. Akcja ta nie znalaz\u0142aby si\u0119 z tak szerokim odzewem, gdyby nie wsparcie medialne.<\/div>\n<div>Szczeg\u00f3lne s\u0142owa wdzi\u0119czno\u015bci kieruj\u0119 na r\u0119ce dyrektora Radia Rodzina \u2013 ksi\u0119dza dra Cezarego Chwilczy\u0144skiego i wszystkich jego wsp\u00f3\u0142pracownik\u00f3w. Dzi\u0119kuj\u0119 r\u00f3wnie\u017c innym mediom za podj\u0119cie tego tak wa\u017cnego tematu. Jest to pomoc, kt\u00f3ra daje nadziej\u0119. Za wszelkie Dobro, kt\u00f3re sta\u0142o si\u0119 mo\u017cliwe dzi\u0119ki wsparciu w\u0142adz ko\u015bcielnych, rz\u0105dowych i samorz\u0105dowych Dolnego \u015al\u0105ska, w imieniu mieszka\u0144c\u00f3w Aleppo sk\u0142adam serdeczne \u201eB\u00f3g zap\u0142a\u0107\u201d.<\/div>\n<div>Ks. prof. UKSW dr hab .<\/div>\n<div>Waldemar Cis\u0142o<\/div>\n<div>Dyrektor Sekcji Polskiej PKWP<\/div>\n<div>Waldemar Cis\u0142o<\/div>\n<\/div>\n<\/div>\n<\/div>\n<\/div>\n<\/div>\n<\/div>\n<div><\/div>\n<div>\n<p>Bp Georges Abou Khazen urodzi\u0142 si\u0119 w 1947 r. w Libanie. W 1967 r. przywdzia\u0142 habit franciszka\u0144ski a 6 stycznia 1971 r. z\u0142o\u017cy\u0142 uroczyste \u015bluby zakonne. W dniu 28 czerwca 1973 r. przyj\u0105\u0142 \u015bwi\u0119cenia kap\u0142a\u0144skie. Studiowa\u0142 filozofi\u0119 w Betlejem\u00a0 i teologi\u0119 e Bejrucie. Pierwsz\u0105 plac\u00f3wk\u0105 duszpastersk\u0105 by\u0142a pos\u0142ug\u0105 w charakterze viceproboszcza w Aleksandrii w Egipcie (1973-1975). Proboszcz w Jerozolimie 1977-1983 oraz 1988-2004. Proboszcz w Betlejem 1982-1998. Proboszcz i kustosz parafii \u015bw. Franciszka w Aleppo 2004-2013. Od 15 maja 2013 r. Wizytator apostolski w Syrii a 4 pa\u017adziernika 2013 r. otrzyma\u0142 nominacj\u0119 od Ojca \u015bwi\u0119tego Franciszka na biskupa diecezji obrz\u0105dku \u0142aci\u0144skiego w Aleppo.<\/p>\n<\/div>\n<div class=\"LightboxImage\"><\/div>\n","protected":false},"excerpt":{"rendered":"<p>Streszczenie artyku\u0142u o. Firasa OFM Lotfi z Aleppo Syria: trzy nieuleczalne rany i wyzwanie, by si\u0119 odrodzi\u0107 Pielgrzymka PKWP do Fatimy 2017 &nbsp; 1) Og\u00f3lny zarys sytuacji w Syrii Syria &#8230;<\/p>\n","protected":false},"author":7,"featured_media":0,"comment_status":"closed","ping_status":"open","sticky":false,"template":"","format":"standard","meta":[],"categories":[10],"tags":[],"_links":{"self":[{"href":"http:\/\/www.mbnp.archidiecezja.wroc.pl\/index.php?rest_route=\/wp\/v2\/posts\/2839"}],"collection":[{"href":"http:\/\/www.mbnp.archidiecezja.wroc.pl\/index.php?rest_route=\/wp\/v2\/posts"}],"about":[{"href":"http:\/\/www.mbnp.archidiecezja.wroc.pl\/index.php?rest_route=\/wp\/v2\/types\/post"}],"author":[{"embeddable":true,"href":"http:\/\/www.mbnp.archidiecezja.wroc.pl\/index.php?rest_route=\/wp\/v2\/users\/7"}],"replies":[{"embeddable":true,"href":"http:\/\/www.mbnp.archidiecezja.wroc.pl\/index.php?rest_route=%2Fwp%2Fv2%2Fcomments&post=2839"}],"version-history":[{"count":3,"href":"http:\/\/www.mbnp.archidiecezja.wroc.pl\/index.php?rest_route=\/wp\/v2\/posts\/2839\/revisions"}],"predecessor-version":[{"id":2846,"href":"http:\/\/www.mbnp.archidiecezja.wroc.pl\/index.php?rest_route=\/wp\/v2\/posts\/2839\/revisions\/2846"}],"wp:attachment":[{"href":"http:\/\/www.mbnp.archidiecezja.wroc.pl\/index.php?rest_route=%2Fwp%2Fv2%2Fmedia&parent=2839"}],"wp:term":[{"taxonomy":"category","embeddable":true,"href":"http:\/\/www.mbnp.archidiecezja.wroc.pl\/index.php?rest_route=%2Fwp%2Fv2%2Fcategories&post=2839"},{"taxonomy":"post_tag","embeddable":true,"href":"http:\/\/www.mbnp.archidiecezja.wroc.pl\/index.php?rest_route=%2Fwp%2Fv2%2Ftags&post=2839"}],"curies":[{"name":"wp","href":"https:\/\/api.w.org\/{rel}","templated":true}]}}