{"id":2820,"date":"2017-10-21T16:23:35","date_gmt":"2017-10-21T14:23:35","guid":{"rendered":"http:\/\/www.mbnp.archidiecezja.wroc.pl\/?p=2820"},"modified":"2021-08-28T02:35:32","modified_gmt":"2021-08-28T00:35:32","slug":"dzien-misyjny-list-s-hanny-gnatowskiej-do-naszej-parafii","status":"publish","type":"post","link":"http:\/\/www.mbnp.archidiecezja.wroc.pl\/?p=2820","title":{"rendered":"Dzie\u0144 Misyjny &#8211; list s. Hanny Gnatowskiej do naszej Parafii"},"content":{"rendered":"<p>Drogi Ksi\u0119\u017ce Piotrze i Ksi\u0119\u017ce Proboszczu wraz z Parafianami, Dobrodziejami Misji\u00a0!<\/p>\n<p>Pozdrawiam bardzo serdecznie z odleg\u0142ego Kamerunu! Z rado\u015bci\u0105 kieruje do Ksiedza Proboszcza i wszystkich Kap\u0142an\u00f3w s\u0142owa pozdrowie\u0144 i wielkiej wdzi\u0119czno\u015bci za wszystko co Wasza Parafia uczyni\u0142a dla Misji. Korzystaj\u0105c ze zbli\u017cajacego sie Tygodnia Misyjnego pragn\u0119 podzieli\u0107 si\u0119 gar\u015bci\u0105 wiadomo\u015bci z terenu misyjnego w kt\u00f3rym si\u0119 obecnie znalaz\u0142am. Z rado\u015bci\u0105 dziel\u0119 sie tym co tutaj robi\u0119.<\/p>\n<p>W drugiej po\u0142owie sierpnia opu\u015bci\u0142am stolice kraju Yaound\u00e9, by uda\u0107 sie na Wsch\u00f3d Kmerunu do nowej misji, jak\u0105 jest szko\u0142a podstawowa znajduj\u0105ca sie w d\u017cungli. Mam 243 dzieciaki w szkole pod wezwaniem \u015bw. Paw\u0142a. Dzieci sa ma\u0142e, patrz\u0105 na mnie swymi du\u017cymi oczami jak na zjaw\u0119, niekt\u00f3re najm\u0142odsze p\u0142acz\u0105. Oczywi\u015bcie z ka\u017cdym dniem dzieciaki przyswajaj\u0105 si\u0119 do bia\u0142ej siostry, a starsze znaj\u0105 ju\u017c siostry Pallotynki dzi\u0119ki moim poprzedniczkom. Jedna z nich, siostra Judyta zmar\u0142a w do\u015b\u0107 m\u0142odym wieku na raka. To ona zapocz\u0105tkowa\u0142a misje dla pallotynek w tej szkole. Obym byla godn\u0105 nastepczyni\u0105 tych si\u00f3str i da\u0142a przyk\u0142ad wspania\u0142ej misjonarki!<\/p>\n<p>Nauczyciele s\u0105 biedni i przenoszeni niemal\u017ce ka\u017cdego roku w inna cz\u0119\u015b\u0107 wschodu. Niekt\u00f3re szko\u0142y s\u0105 bardzo g\u0142\u0119boko po\u0142o\u017cone w lasach, a drogi do nich w\u0105skie, gliniaste z bardzo g\u0142\u0119bokimi poboczami, ktore wy\u017c\u0142obione obfitymi deszczami tropikalnymi, \u00abziej\u0105\u00bb niebezpiecze\u0144stwem!<\/p>\n<p>W tej biednej szkole z sz\u00f3stka nauczycieli, trzeba sie boryka\u0107 nie tylko z nauczaniem, ale tak\u017ce z trosk\u0105 o zdrowie dzieci. Dokucza im zw\u0142aszcza grzyb sk\u00f3ry g\u0142owy, kt\u00f3ry jest niebezpieczny i zara\u017aliwy. Tylko w ubieg\u0142ym roku moja porzedniczka wyda\u0142a du\u017c\u0105 sum\u0119 na wyleczenie g\u0142\u00f3wek dzieci, a ju\u017c w obecnym roku dosz\u0142y nowe maluchy zara\u017cone t\u0105 chorob\u0105 i trzeba sie spieszy\u0107, aby uchroni\u0107 te kt\u00f3re by\u0142y ju\u017c wyleczone. Higiena jest bardzo mizerna, potrzeba srodk\u00f3w, aby dobudowac toalety. Tutaj nie mamy ani wody ani swiat\u0142a. Mam w sercu kilka projekt\u00f3w, aby zapobiec biedzie. O godz. 18 jest noc, ciemno. W zwi\u0105zku z tym niebezpiecznie jest porusza\u0107 sie bez o\u015bwietlenia, sama tego doswiadczy\u0142am: w\u0119\u017ce na ka\u017cdym kroku, skorpiony i inne niebezpiecze\u0144stwa. Marz\u0119, aby da\u0107 ka\u017cdemu dziecku swiate\u0142ko na Bo\u017ce Narodzenie. Mo\u017cna tutaj naby\u0107 lampki na energi\u0119 s\u0142oneczn\u0105, dzieciaki mog\u0142yby nawet czyta\u0107 wieczorem, a dzieki temu poprawi\u0107 wyniki w nauce. Te dzieci s\u0105 jakby skazane na przegran\u0105, bo sa z lasu i s\u0105 biedni.<\/p>\n<p>Kochani, to tylko male\u0144ka kropla w morzu, ale bardzo wa\u017cna. Powoli i z mi\u0142osci\u0105 dochodzimy do czego\u015b bardzo wa\u017cnego w \u017cyciu. Ta nasza szko\u0142a juz dzi\u0119ki dobroci ludzi z Polski oraz dzi\u0119ki Adopcji Serca otwar\u0142a swoje podwoje przed wieloma dzie\u0107mi, kt\u00f3re nawet nie marzy\u0142y, \u017ce p\u00f3jd\u0105 do szko\u0142y. Moje poprzedniczki zrobi\u0142y bardzo wiele, ale jeszcze jest mn\u00f3stwo do MI\u0141OWANIA i DZIELENIA si\u0119 z DZIECIAKAMI, a tak\u017ce ich rodzicami. W ten pi\u0105tek w naszej szkole dzieci zorganizowa\u0142y z nauczycielami Msz\u0119 \u015bw w Intencji DOBRODZIEJ\u00d3W. Zawsze im przypominamy, \u017ce maj\u0105 sie modli\u0107 i one si\u0119 modl\u0105, a kiedy dzieciaki sie modl\u0105, to B\u00f3g wys\u0142uchuje, nawet gdy czasem nie jeste\u015bmy tego \u015bwiadomi\u2026.<\/p>\n<p>Ukochani Przyjaciele! Wiele ju\u017c pokazali\u015bcie serca dla mojej slu\u017cby misyjnej i pragn\u0119 wyrazi\u0107 m\u0105 wdzi\u0119czno\u015b\u0107 za wszelkie dary materialne i duchowe. One s\u0105 bardzo wa\u017cne. Kiedy\u015b b\u0119d\u0105c po\u015br\u00f3d Was, powiedzia\u0142am, \u017ce my misjonarze bez Waszej obecno\u015bci jeste\u015bmy bezu\u017cyteczni s\u0142udzy. Tylko dzi\u0119ki Waszej hojno\u015bci i dobroci oraz wra\u017cliwosci na bied\u0119 drugiego cz\u0142owieka mo\u017cemy skutecznie interweniowa\u0107. Ka\u017cdego dnia B\u00f3g stawia na naszej drodze okazje do czynienia dobra. Za te gesty otrzymujemy zap\u0142ate w formie cudownych spojrze\u0144 pe\u0142nych wdzi\u0119czno\u015bci i zaufania. W\u00f3wczas ka\u017cdy misjonarz nie zatrzyma tego daru dla siebie. Wiele razy s\u0142ysza\u0142am: pom\u00f3dlcie si\u0119 za tych, kt\u00f3rzy nades\u0142ali pomoc, za DOBRODZIEJ\u00d3W. W tym miesiacu kiedy swi\u0119towa\u0107 b\u0119dziemy Tydzie\u0144 Misyjny, my misjonarze bedziemy wspomia\u0107 z wdzi\u0119czno\u015bci\u0105 naszych DOBROCZYNC\u00d3W, a ja w szczeg\u00f3lny spos\u00f3b bed\u0119 modli\u0142a si\u0119 za Parafi\u0119 z Wroc\u0142awia, kt\u00f3ra otworzy\u0142a przede mna swoje drzwi serca. Niech dobry B\u00f3g obdarza Was swymi niebieskimi darami. Polecam si\u0119 Waszej pami\u0119ci, obym niczego nie zaniedba\u0142a w Bo\u017cych planach, abym przekaza\u0142a wiar\u0119 w Jezusa, umia\u0142a m\u00f3wi\u0107 o Jego pi\u0119knej Mi\u0142o\u015bci do Boga Ojca. O to si\u0119 m\u00f3dlcie dla mnie.<\/p>\n<p>Drogi Ksi\u0119\u017ce Piotrze, bardzo dzi\u0119kuj\u0119 Ksi\u0119dzu za ten zapa\u0142 i wierno\u015b\u0107 Kap\u0142ana. Dla mnie misjonarki taka postawa jest nadziej\u0105, \u017ce nie jestem sama, \u017ce s\u0105 Kap\u0142ani wspaniali i otwarci. Niech B\u00f3g Ksi\u0119dza b\u0142ogos\u0142awi.<\/p>\n<ol>\n<li>Hanna Teresa Gnatowska Doume, 30\/09\/2017<\/li>\n<\/ol>\n<p><a href=\"http:\/\/www.mbnp.archidiecezja.wroc.pl\/wp-content\/uploads\/2017\/10\/img-20170918-wa0002.jpg\" rel=\"lightbox[2820]\"><img decoding=\"async\" loading=\"lazy\" class=\"aligncenter size-large wp-image-2821\" src=\"http:\/\/www.mbnp.archidiecezja.wroc.pl\/wp-content\/uploads\/2017\/10\/img-20170918-wa0002-1024x576.jpg\" alt=\"img-20170918-wa0002\" width=\"648\" height=\"365\" srcset=\"http:\/\/www.mbnp.archidiecezja.wroc.pl\/wp-content\/uploads\/2017\/10\/img-20170918-wa0002-1024x576.jpg 1024w, http:\/\/www.mbnp.archidiecezja.wroc.pl\/wp-content\/uploads\/2017\/10\/img-20170918-wa0002-300x169.jpg 300w, http:\/\/www.mbnp.archidiecezja.wroc.pl\/wp-content\/uploads\/2017\/10\/img-20170918-wa0002.jpg 1080w\" sizes=\"(max-width: 648px) 100vw, 648px\" \/><\/a><\/p>\n<p>&nbsp;<\/p>\n<p style=\"text-align: center;\"><a href=\"http:\/\/www.mbnp.archidiecezja.wroc.pl\/?page_id=2292&amp;album=6484668003922777857\">GALERIA -NIEDZIELA MISYJNA W NASZEJ PARAFII<\/a><\/p>\n","protected":false},"excerpt":{"rendered":"<p>Drogi Ksi\u0119\u017ce Piotrze i Ksi\u0119\u017ce Proboszczu wraz z Parafianami, Dobrodziejami Misji\u00a0! Pozdrawiam bardzo serdecznie z odleg\u0142ego Kamerunu! Z rado\u015bci\u0105 kieruje do Ksiedza Proboszcza i wszystkich Kap\u0142an\u00f3w s\u0142owa pozdrowie\u0144 i wielkiej &#8230;<\/p>\n","protected":false},"author":7,"featured_media":0,"comment_status":"closed","ping_status":"open","sticky":false,"template":"","format":"standard","meta":[],"categories":[10],"tags":[],"_links":{"self":[{"href":"http:\/\/www.mbnp.archidiecezja.wroc.pl\/index.php?rest_route=\/wp\/v2\/posts\/2820"}],"collection":[{"href":"http:\/\/www.mbnp.archidiecezja.wroc.pl\/index.php?rest_route=\/wp\/v2\/posts"}],"about":[{"href":"http:\/\/www.mbnp.archidiecezja.wroc.pl\/index.php?rest_route=\/wp\/v2\/types\/post"}],"author":[{"embeddable":true,"href":"http:\/\/www.mbnp.archidiecezja.wroc.pl\/index.php?rest_route=\/wp\/v2\/users\/7"}],"replies":[{"embeddable":true,"href":"http:\/\/www.mbnp.archidiecezja.wroc.pl\/index.php?rest_route=%2Fwp%2Fv2%2Fcomments&post=2820"}],"version-history":[{"count":4,"href":"http:\/\/www.mbnp.archidiecezja.wroc.pl\/index.php?rest_route=\/wp\/v2\/posts\/2820\/revisions"}],"predecessor-version":[{"id":2851,"href":"http:\/\/www.mbnp.archidiecezja.wroc.pl\/index.php?rest_route=\/wp\/v2\/posts\/2820\/revisions\/2851"}],"wp:attachment":[{"href":"http:\/\/www.mbnp.archidiecezja.wroc.pl\/index.php?rest_route=%2Fwp%2Fv2%2Fmedia&parent=2820"}],"wp:term":[{"taxonomy":"category","embeddable":true,"href":"http:\/\/www.mbnp.archidiecezja.wroc.pl\/index.php?rest_route=%2Fwp%2Fv2%2Fcategories&post=2820"},{"taxonomy":"post_tag","embeddable":true,"href":"http:\/\/www.mbnp.archidiecezja.wroc.pl\/index.php?rest_route=%2Fwp%2Fv2%2Ftags&post=2820"}],"curies":[{"name":"wp","href":"https:\/\/api.w.org\/{rel}","templated":true}]}}