{"id":2816,"date":"2017-10-12T23:58:18","date_gmt":"2017-10-12T21:58:18","guid":{"rendered":"http:\/\/www.mbnp.archidiecezja.wroc.pl\/?p=2816"},"modified":"2017-11-13T09:21:55","modified_gmt":"2017-11-13T08:21:55","slug":"xvii-dzien-papieski-w-naszej-parafii","status":"publish","type":"post","link":"http:\/\/www.mbnp.archidiecezja.wroc.pl\/?p=2816","title":{"rendered":"XVII Dzie\u0144 Papieski w naszej parafii"},"content":{"rendered":"<p>8 pa\u017adziernika \u015bwi\u0119towali\u015bmy w naszej parafii , kolejny ju\u017c, XVII Dzie\u0144 Papieski, pod has\u0142em : \u201eId\u017amy naprz\u00f3d z nadziej\u0105\u201d.\u00a0<!--more--><br \/>\nW tym dniu przypominamy sobie nauczanie \u015bw. Jana Paw\u0142a II, ale tak\u017ce w\u0142\u0105czamy si\u0119 do zbi\u00f3rki Fundacji \u201eDzie\u0142o Nowego Tysi\u0105clecia\u201d, kt\u00f3ra wspiera zdoln\u0105 m\u0142odzie\u017c z ubogich rodzin. Dzi\u0119ki staraniom Ksi\u0119dza Proboszcza mogli\u015bmy go\u015bci\u0107 stypendyst\u00f3w Fundacji, kt\u00f3rzy odczytali fragmenty z nauczania Jana Paw\u0142a II.<br \/>\nW parafialnej kawiarence czeka\u0142y pyszne ciasta, m.in. oczywi\u015bcie krem\u00f3wki, wystawy rysunk\u00f3w dzieci oraz zdj\u0119\u0107 ze spotka\u0144 parafian Z Ojcem \u015awi\u0119tym Janem Paw\u0142em II. Znalaz\u0142o si\u0119 r\u00f3wnie\u017c miejsce na k\u0105cik czytelniczy, gdzie przy herbatce mo\u017cna by\u0142o zag\u0142\u0119bi\u0107 si\u0119 w lekturze dzie\u0142 Papie\u017ca.<br \/>\nZ g\u0142\u0119bi serca dzi\u0119kujemy wszystkim parafianom za przygotowanie tego dnia i wsp\u00f3lne radowanie si\u0119 swoj\u0105 obecno\u015bci\u0105. Ten dzie\u0144 pokaza\u0142, \u017ce mo\u017cemy \u201ei\u015b\u0107 naprz\u00f3d z nadziej\u0105\u201d w sercu.<\/p>\n<p style=\"text-align: center;\"><a href=\"http:\/\/www.mbnp.archidiecezja.wroc.pl\/?page_id=2292&amp;album=6475498342479125249\">GALERIA ZDJ\u0118\u0106<\/a><\/p>\n","protected":false},"excerpt":{"rendered":"<p>8 pa\u017adziernika \u015bwi\u0119towali\u015bmy w naszej parafii , kolejny ju\u017c, XVII Dzie\u0144 Papieski, pod has\u0142em : \u201eId\u017amy naprz\u00f3d z nadziej\u0105\u201d.\u00a0<\/p>\n","protected":false},"author":9,"featured_media":0,"comment_status":"closed","ping_status":"open","sticky":false,"template":"","format":"standard","meta":[],"categories":[10],"tags":[],"_links":{"self":[{"href":"http:\/\/www.mbnp.archidiecezja.wroc.pl\/index.php?rest_route=\/wp\/v2\/posts\/2816"}],"collection":[{"href":"http:\/\/www.mbnp.archidiecezja.wroc.pl\/index.php?rest_route=\/wp\/v2\/posts"}],"about":[{"href":"http:\/\/www.mbnp.archidiecezja.wroc.pl\/index.php?rest_route=\/wp\/v2\/types\/post"}],"author":[{"embeddable":true,"href":"http:\/\/www.mbnp.archidiecezja.wroc.pl\/index.php?rest_route=\/wp\/v2\/users\/9"}],"replies":[{"embeddable":true,"href":"http:\/\/www.mbnp.archidiecezja.wroc.pl\/index.php?rest_route=%2Fwp%2Fv2%2Fcomments&post=2816"}],"version-history":[{"count":1,"href":"http:\/\/www.mbnp.archidiecezja.wroc.pl\/index.php?rest_route=\/wp\/v2\/posts\/2816\/revisions"}],"predecessor-version":[{"id":2817,"href":"http:\/\/www.mbnp.archidiecezja.wroc.pl\/index.php?rest_route=\/wp\/v2\/posts\/2816\/revisions\/2817"}],"wp:attachment":[{"href":"http:\/\/www.mbnp.archidiecezja.wroc.pl\/index.php?rest_route=%2Fwp%2Fv2%2Fmedia&parent=2816"}],"wp:term":[{"taxonomy":"category","embeddable":true,"href":"http:\/\/www.mbnp.archidiecezja.wroc.pl\/index.php?rest_route=%2Fwp%2Fv2%2Fcategories&post=2816"},{"taxonomy":"post_tag","embeddable":true,"href":"http:\/\/www.mbnp.archidiecezja.wroc.pl\/index.php?rest_route=%2Fwp%2Fv2%2Ftags&post=2816"}],"curies":[{"name":"wp","href":"https:\/\/api.w.org\/{rel}","templated":true}]}}