{"id":2810,"date":"2017-10-01T21:17:57","date_gmt":"2017-10-01T19:17:57","guid":{"rendered":"http:\/\/www.mbnp.archidiecezja.wroc.pl\/?p=2810"},"modified":"2021-08-28T02:34:02","modified_gmt":"2021-08-28T00:34:02","slug":"vii-rocznica-smierci-ksiedza-pralat-franciszka-skorusy","status":"publish","type":"post","link":"http:\/\/www.mbnp.archidiecezja.wroc.pl\/?p=2810","title":{"rendered":"VII rocznica \u015bmierci Ksi\u0119dza Pra\u0142at Franciszka Skorusy"},"content":{"rendered":"<p>We wtorek przypada si\u00f3dma rocznica \u015bmierci Ks. Pra\u0142ata Franciszka Skorusy. Uroczystej Mszy \u015bw. o godz. 18.00 b\u0119dzie przewodniczy\u0142 Ks. dr Ireneusz Bakalarczyk, Notariusz Kurii Archidiecezji Wroc\u0142awskiej, S\u0142owo Bo\u017ce wyg\u0142osi Ks. Neoprezbiter Jan Inglot oraz obecni b\u0119d\u0105 Ksi\u0119\u017ca wsp\u00f3\u0142pracuj\u0105cy z Ks. Pra\u0142atem. Serdecznie zapraszamy!<\/p>\n<p><a href=\"http:\/\/www.mbnp.archidiecezja.wroc.pl\/wp-content\/uploads\/2017\/07\/5.jpg\" rel=\"lightbox[2810]\"><img decoding=\"async\" loading=\"lazy\" class=\"aligncenter wp-image-2776 size-medium\" src=\"http:\/\/www.mbnp.archidiecezja.wroc.pl\/wp-content\/uploads\/2017\/07\/5-225x300.jpg\" alt=\"5\" width=\"225\" height=\"300\" srcset=\"http:\/\/www.mbnp.archidiecezja.wroc.pl\/wp-content\/uploads\/2017\/07\/5-225x300.jpg 225w, http:\/\/www.mbnp.archidiecezja.wroc.pl\/wp-content\/uploads\/2017\/07\/5.jpg 350w\" sizes=\"(max-width: 225px) 100vw, 225px\" \/><\/a><\/p>\n","protected":false},"excerpt":{"rendered":"<p>We wtorek przypada si\u00f3dma rocznica \u015bmierci Ks. Pra\u0142ata Franciszka Skorusy. Uroczystej Mszy \u015bw. o godz. 18.00 b\u0119dzie przewodniczy\u0142 Ks. dr Ireneusz Bakalarczyk, Notariusz Kurii Archidiecezji Wroc\u0142awskiej, S\u0142owo Bo\u017ce wyg\u0142osi Ks. &#8230;<\/p>\n","protected":false},"author":7,"featured_media":0,"comment_status":"closed","ping_status":"open","sticky":false,"template":"","format":"standard","meta":[],"categories":[10],"tags":[],"_links":{"self":[{"href":"http:\/\/www.mbnp.archidiecezja.wroc.pl\/index.php?rest_route=\/wp\/v2\/posts\/2810"}],"collection":[{"href":"http:\/\/www.mbnp.archidiecezja.wroc.pl\/index.php?rest_route=\/wp\/v2\/posts"}],"about":[{"href":"http:\/\/www.mbnp.archidiecezja.wroc.pl\/index.php?rest_route=\/wp\/v2\/types\/post"}],"author":[{"embeddable":true,"href":"http:\/\/www.mbnp.archidiecezja.wroc.pl\/index.php?rest_route=\/wp\/v2\/users\/7"}],"replies":[{"embeddable":true,"href":"http:\/\/www.mbnp.archidiecezja.wroc.pl\/index.php?rest_route=%2Fwp%2Fv2%2Fcomments&post=2810"}],"version-history":[{"count":1,"href":"http:\/\/www.mbnp.archidiecezja.wroc.pl\/index.php?rest_route=\/wp\/v2\/posts\/2810\/revisions"}],"predecessor-version":[{"id":2811,"href":"http:\/\/www.mbnp.archidiecezja.wroc.pl\/index.php?rest_route=\/wp\/v2\/posts\/2810\/revisions\/2811"}],"wp:attachment":[{"href":"http:\/\/www.mbnp.archidiecezja.wroc.pl\/index.php?rest_route=%2Fwp%2Fv2%2Fmedia&parent=2810"}],"wp:term":[{"taxonomy":"category","embeddable":true,"href":"http:\/\/www.mbnp.archidiecezja.wroc.pl\/index.php?rest_route=%2Fwp%2Fv2%2Fcategories&post=2810"},{"taxonomy":"post_tag","embeddable":true,"href":"http:\/\/www.mbnp.archidiecezja.wroc.pl\/index.php?rest_route=%2Fwp%2Fv2%2Ftags&post=2810"}],"curies":[{"name":"wp","href":"https:\/\/api.w.org\/{rel}","templated":true}]}}