{"id":2803,"date":"2017-09-30T16:29:21","date_gmt":"2017-09-30T14:29:21","guid":{"rendered":"http:\/\/www.mbnp.archidiecezja.wroc.pl\/?p=2803"},"modified":"2021-08-28T02:33:56","modified_gmt":"2021-08-28T00:33:56","slug":"i-komunia-swieta-2","status":"publish","type":"post","link":"http:\/\/www.mbnp.archidiecezja.wroc.pl\/?p=2803","title":{"rendered":"I Komunia \u015awi\u0119ta"},"content":{"rendered":"<p>Wszelkie informacje dotycz\u0105ce I Komunii \u015awi\u0119tej b\u0119d\u0105 udost\u0119pniane w dziale:<\/p>\n<p>Sakramenty &#8211; Eucharystia &#8211; Pierwsza Komunia \u015awi\u0119ta<\/p>\n","protected":false},"excerpt":{"rendered":"<p>Wszelkie informacje dotycz\u0105ce I Komunii \u015awi\u0119tej b\u0119d\u0105 udost\u0119pniane w dziale: Sakramenty &#8211; Eucharystia &#8211; Pierwsza Komunia \u015awi\u0119ta<\/p>\n","protected":false},"author":7,"featured_media":0,"comment_status":"closed","ping_status":"open","sticky":false,"template":"","format":"standard","meta":[],"categories":[10],"tags":[],"_links":{"self":[{"href":"http:\/\/www.mbnp.archidiecezja.wroc.pl\/index.php?rest_route=\/wp\/v2\/posts\/2803"}],"collection":[{"href":"http:\/\/www.mbnp.archidiecezja.wroc.pl\/index.php?rest_route=\/wp\/v2\/posts"}],"about":[{"href":"http:\/\/www.mbnp.archidiecezja.wroc.pl\/index.php?rest_route=\/wp\/v2\/types\/post"}],"author":[{"embeddable":true,"href":"http:\/\/www.mbnp.archidiecezja.wroc.pl\/index.php?rest_route=\/wp\/v2\/users\/7"}],"replies":[{"embeddable":true,"href":"http:\/\/www.mbnp.archidiecezja.wroc.pl\/index.php?rest_route=%2Fwp%2Fv2%2Fcomments&post=2803"}],"version-history":[{"count":1,"href":"http:\/\/www.mbnp.archidiecezja.wroc.pl\/index.php?rest_route=\/wp\/v2\/posts\/2803\/revisions"}],"predecessor-version":[{"id":2804,"href":"http:\/\/www.mbnp.archidiecezja.wroc.pl\/index.php?rest_route=\/wp\/v2\/posts\/2803\/revisions\/2804"}],"wp:attachment":[{"href":"http:\/\/www.mbnp.archidiecezja.wroc.pl\/index.php?rest_route=%2Fwp%2Fv2%2Fmedia&parent=2803"}],"wp:term":[{"taxonomy":"category","embeddable":true,"href":"http:\/\/www.mbnp.archidiecezja.wroc.pl\/index.php?rest_route=%2Fwp%2Fv2%2Fcategories&post=2803"},{"taxonomy":"post_tag","embeddable":true,"href":"http:\/\/www.mbnp.archidiecezja.wroc.pl\/index.php?rest_route=%2Fwp%2Fv2%2Ftags&post=2803"}],"curies":[{"name":"wp","href":"https:\/\/api.w.org\/{rel}","templated":true}]}}