{"id":2794,"date":"2017-09-16T12:41:24","date_gmt":"2017-09-16T10:41:24","guid":{"rendered":"http:\/\/www.mbnp.archidiecezja.wroc.pl\/?p=2794"},"modified":"2021-08-28T02:32:37","modified_gmt":"2021-08-28T00:32:37","slug":"mlodziez-z-naszej-parafii-na-oazach-wakacyjnych","status":"publish","type":"post","link":"http:\/\/www.mbnp.archidiecezja.wroc.pl\/?p=2794","title":{"rendered":"M\u0142odzie\u017c z naszej parafii na oazach wakacyjnych"},"content":{"rendered":"<p><strong>Cho\u0107 rok szkolny rozpocz\u0105\u0142 si\u0119 na dobre, warto wraca\u0107 wspomnieniami do wakacji. Dla m\u0142odzie\u017cy z naszej parafialnej wsp\u00f3lnoty Ruchu \u015awiat\u0142o-\u017bycie by\u0142 to pracowity czas prze\u017cywania rekolekcji oazowych. W zale\u017cno\u015bci od wieku oraz zaawansowania formacji wzi\u0119li\u015bmy udzia\u0142 w czterech stopniach Oazy Nowej Drogi (dla gimnazjalist\u00f3w) oraz Oazy Nowego \u017bycia (dla wszystkich starszych). Wielk\u0105 rado\u015bci\u0105 jest dla nas fakt, \u017ce dla sporej cz\u0119\u015bci naszej grupy by\u0142y to pierwsze d\u0142ugie rekolekcje przeprowadzone wed\u0142ug metody S\u0142ugi Bo\u017cego ks. Franciszka Blachnickiego.<\/strong><\/p>\n<p>Czym zatem s\u0105 Rekolekcje Oazowe\u00a0 i co wyr\u00f3\u017cnia je spo\u015br\u00f3d innych form sp\u0119dzania wakacji?<\/p>\n<p>Wspomniany wcze\u015bniej ks. Franciszek Blachnicki, poszukuj\u0105c sposobu na zaszczepienie w m\u0142odych ludziach \u017cywej wiary, zaproponowa\u0142 form\u0119 pi\u0119tnastodniowych rekolekcji zamkni\u0119tych, opartych na schemacie tajemnic r\u00f3\u017ca\u0144cowych. Zastosowana w tych rekolekcjach metoda prze\u017cyciowa &#8211; poznana tre\u015b\u0107 jest wprowadzana w \u017cycie w codziennych obowi\u0105zkach \u2013 pozwala na osobiste spotkanie z Bogiem, a tak\u017ce s\u0142u\u017cy formacji dojrza\u0142ych postaw chrze\u015bcija\u0144skich w uczestnikach. Nie s\u0105 to jednak popularne \u201ewakacje z Panem Bogiem\u201d, raczej czas modlitwy i wyt\u0119\u017conej pracy nad sob\u0105: ka\u017cdy dzie\u0144 uczestnicy rozpoczynaj\u0105 Jutrzni\u0105, bior\u0105 udzia\u0142 w spotkaniu w ma\u0142ej grupie, Mszy \u015awi\u0119tej, Namiocie Spotkania, czy adoracji Naj\u015bwi\u0119tszego Sakramentu. Zale\u017cnie od stopnia formacji i wieku dla jednych Oaza jest pocz\u0105tkiem, dla innych weryfikacj\u0105 formacji w ci\u0105gu roku. Program jest intensywny, jednak nie brakuje wsp\u00f3lnych zabaw, ta\u0144c\u00f3w integracyjnych, czy g\u00f3rskich wycieczek \u2013 to wszystko sprawia, \u017ce rekolekcje te s\u0105 dla m\u0142odzie\u017cy atrakcyjn\u0105 form\u0105 sp\u0119dzania wakacji. Jest to te\u017c dobra okazja do poznania wielu nowych ludzi.<\/p>\n<p>W tym roku wszystkie turnusy rekolekcji z naszej Archidiecezji odbywa\u0142y si\u0119 malowniczej g\u00f3rskiej miejscowo\u015bci o\u00a0 nazwie Szlachtowa, le\u017c\u0105cej nieopodal Kro\u015bcienka nad Dunajcem, gdzie znajduje si\u0119 Centrum Ruchu \u015awiat\u0142o-\u017bycie. Blisko\u015b\u0107 tego miejsca by\u0142a dla nas wielk\u0105 \u0142ask\u0105, dzi\u0119ki temu mogli\u015bmy odwiedzi\u0107 i pomodli\u0107 si\u0119 przy grobie ks. Blachnickiego oraz zwiedzi\u0107 Kopi\u0105 G\u00f3rk\u0119 \u2013 miejsce jego \u017cycia i pracy. Z osob\u0105 Za\u0142o\u017cyciela zwi\u0105zana jest tak\u017ce posta\u0107 kardyna\u0142a Karola Wojty\u0142y, p\u00f3\u017aniejszego Ojca \u015awi\u0119tego Jana Paw\u0142a II, kt\u00f3ry w czasach komunizmu wspiera\u0142 dzie\u0142o ks. Franciszka, a tak\u017ce broni\u0142 ruchu oazowego przed szykanami \u00f3wczesnych w\u0142adz. Do dzisiaj zachowa\u0142y si\u0119 zdj\u0119cia, na kt\u00f3rych przysz\u0142y Ojciec \u015awi\u0119ty odwiedza oazowicz\u00f3w, wsp\u00f3lnie z nimi spo\u017cywa posi\u0142ek, modli si\u0119 czy rozmawia. W 1973 roku w czasie Dnia Wsp\u00f3lnoty w Tylmanowej powiedzia\u0142 do uczestnik\u00f3w oazy: <em>&lt;&lt;Jeste\u015bcie tutaj na oazie, trzeba a\u017ceby ka\u017cdy z was wzi\u0105\u0142 t\u0119 oaz\u0119 w siebie i \u017ceby si\u0119 sta\u0142 tak\u0105 oaz\u0105 i \u017ceby tymi oazami zag\u0119\u015bci\u0107 jak najbardziej pustyni\u0119. Wtedy ona nie b\u0119dzie gro\u017ana. To jest r\u00f3wnocze\u015bnie \u017cyczenie, kt\u00f3re wam przekazuj\u0119 z ca\u0142ego serca, wszystkim tutaj zgromadzonym, wszystkim oazom i waszemu Ojcu i organizatorowi, kt\u00f3ry ten Ruch \u017bywego Ko\u015bcio\u0142a zainicjowa\u0142 i rozwija z roku na rok. Niech B\u00f3g za wstawiennictwem Matki Niepokalanej i Jej umi\u0142owanego s\u0142ugi, b\u0142ogos\u0142awionego Maksymiliana, pozwoli oazami zag\u0119\u015bci\u0107 pustyni\u0119, kt\u00f3ra grozi, aby ju\u017c nie by\u0142a gro\u017ana&gt;&gt;.<\/em> (Tylmanowa, 16.08.1973)<\/p>\n<p>Uczestnicy tak opisywali swoje prze\u017cycia rekolekcyjne:<\/p>\n<p>\u201eZrozumia\u0142am swoje grzechy i chc\u0119 by\u0107 lepszym cz\u0142owiekiem. Powinnam cieszy\u0107 si\u0119 z ka\u017cdego dnia. Wiem te\u017c, \u017ce B\u00f3g da\u0142 mi \u017cycie po co\u015b, jestem dzieckiem Bo\u017cym, B\u00f3g zawsze jest przy mnie i mnie kocha.\u201d<\/p>\n<p>\u201ePo rekolekcjach czuj\u0119 blisko\u015b\u0107 Boga i wiem, \u017ce chce On by\u0107 obecny w moim \u017cyciu jako prawdziwy przyjaciel. Dzi\u0119ki rekolekcjom czu\u0142am szczer\u0105 rado\u015b\u0107 i mam pok\u00f3j serca. Moim postanowieniem jest lektura Pisma \u015awi\u0119tego i wydzielenie sobie w roku szkolnym konkretnego czasu na modlitw\u0119, aby nie utraci\u0107 blisko\u015bci z Bogiem.\u201d<\/p>\n<p>\u201ePan B\u00f3g na te rekolekcje wys\u0142a\u0142 nam najlepszych Ksi\u0119\u017cy pod s\u0142o\u0144cem i wspania\u0142ych animator\u00f3w. Dzi\u0119ki nim wzmocni\u0142am swoj\u0105 wiar\u0119 i relacj\u0119 z Jezusem oraz nauczy\u0142am si\u0119 kocha\u0107 innych bez wzgl\u0119du na to kim s\u0105.\u201d<\/p>\n<p>\u201eKorzy\u015bci przeogromne; zacz\u0119\u0142am wierzy\u0107 &#8222;na powa\u017cnie&#8221;, zrozumia\u0142am wiele kwestii wiary, nauczy\u0142am si\u0119 na nowo modli\u0107 i zwraca\u0107 do Boga, prze\u017cywa\u0107 z wi\u0119ksz\u0105 \u015bwiadomo\u015bci\u0105 Eucharysti\u0119, zaakceptowa\u0142am siebie tak\u0105 jak\u0105 jestem. Postanowi\u0142am by\u0107 w KWC, codziennie min. 30 min. po\u015bwi\u0119ca\u0107 Panu Bogu, u\u015bmiecha\u0107 si\u0119, \u015bwiadczy\u0107 o mi\u0142o\u015bci Boga wzgl\u0119dem ludzi.\u201d<\/p>\n<p>Chwa\u0142a Panu!<\/p>\n<p><strong>Umocnieni wakacyjnymi prze\u017cyciami z nowymi si\u0142ami zaczynamy nowy rok formacyjny. Nasza wsp\u00f3lnota spotyka si\u0119 w ka\u017cdy pi\u0105tek o godzinie 19.00 w sali ks. F. Blachnickiego \u2013 na spotkania serdecznie zapraszamy wszystkich ch\u0119tnych w wieku powy\u017cej 6. klasy szko\u0142y podstawowej.<\/strong><\/p>\n<p style=\"text-align: center;\"><a href=\"http:\/\/www.mbnp.archidiecezja.wroc.pl\/wp-content\/uploads\/2017\/09\/6.jpg\" rel=\"lightbox[2794]\"><img decoding=\"async\" loading=\"lazy\" class=\"aligncenter size-full wp-image-2795\" src=\"http:\/\/www.mbnp.archidiecezja.wroc.pl\/wp-content\/uploads\/2017\/09\/6.jpg\" alt=\"6\" width=\"1000\" height=\"666\" srcset=\"http:\/\/www.mbnp.archidiecezja.wroc.pl\/wp-content\/uploads\/2017\/09\/6.jpg 1000w, http:\/\/www.mbnp.archidiecezja.wroc.pl\/wp-content\/uploads\/2017\/09\/6-300x200.jpg 300w\" sizes=\"(max-width: 1000px) 100vw, 1000px\" \/><\/a><\/p>\n<p style=\"text-align: center;\"><a href=\"http:\/\/www.mbnp.archidiecezja.wroc.pl\/?page_id=783&amp;album=6466323640617940849\">GALERIA<\/a><\/p>\n","protected":false},"excerpt":{"rendered":"<p>Cho\u0107 rok szkolny rozpocz\u0105\u0142 si\u0119 na dobre, warto wraca\u0107 wspomnieniami do wakacji. Dla m\u0142odzie\u017cy z naszej parafialnej wsp\u00f3lnoty Ruchu \u015awiat\u0142o-\u017bycie by\u0142 to pracowity czas prze\u017cywania rekolekcji oazowych. W zale\u017cno\u015bci od &#8230;<\/p>\n","protected":false},"author":7,"featured_media":0,"comment_status":"closed","ping_status":"open","sticky":false,"template":"","format":"standard","meta":[],"categories":[10],"tags":[],"_links":{"self":[{"href":"http:\/\/www.mbnp.archidiecezja.wroc.pl\/index.php?rest_route=\/wp\/v2\/posts\/2794"}],"collection":[{"href":"http:\/\/www.mbnp.archidiecezja.wroc.pl\/index.php?rest_route=\/wp\/v2\/posts"}],"about":[{"href":"http:\/\/www.mbnp.archidiecezja.wroc.pl\/index.php?rest_route=\/wp\/v2\/types\/post"}],"author":[{"embeddable":true,"href":"http:\/\/www.mbnp.archidiecezja.wroc.pl\/index.php?rest_route=\/wp\/v2\/users\/7"}],"replies":[{"embeddable":true,"href":"http:\/\/www.mbnp.archidiecezja.wroc.pl\/index.php?rest_route=%2Fwp%2Fv2%2Fcomments&post=2794"}],"version-history":[{"count":1,"href":"http:\/\/www.mbnp.archidiecezja.wroc.pl\/index.php?rest_route=\/wp\/v2\/posts\/2794\/revisions"}],"predecessor-version":[{"id":2796,"href":"http:\/\/www.mbnp.archidiecezja.wroc.pl\/index.php?rest_route=\/wp\/v2\/posts\/2794\/revisions\/2796"}],"wp:attachment":[{"href":"http:\/\/www.mbnp.archidiecezja.wroc.pl\/index.php?rest_route=%2Fwp%2Fv2%2Fmedia&parent=2794"}],"wp:term":[{"taxonomy":"category","embeddable":true,"href":"http:\/\/www.mbnp.archidiecezja.wroc.pl\/index.php?rest_route=%2Fwp%2Fv2%2Fcategories&post=2794"},{"taxonomy":"post_tag","embeddable":true,"href":"http:\/\/www.mbnp.archidiecezja.wroc.pl\/index.php?rest_route=%2Fwp%2Fv2%2Ftags&post=2794"}],"curies":[{"name":"wp","href":"https:\/\/api.w.org\/{rel}","templated":true}]}}