{"id":2790,"date":"2017-09-11T09:44:24","date_gmt":"2017-09-11T07:44:24","guid":{"rendered":"http:\/\/www.mbnp.archidiecezja.wroc.pl\/?p=2790"},"modified":"2021-08-28T02:31:56","modified_gmt":"2021-08-28T00:31:56","slug":"kancelaria-parafialna","status":"publish","type":"post","link":"http:\/\/www.mbnp.archidiecezja.wroc.pl\/?p=2790","title":{"rendered":"KANCELARIA PARAFIALNA"},"content":{"rendered":"<h2 style=\"text-align: center;\">KANCELARIA PARAFIALNA<\/h2>\n<h4 style=\"text-align: center;\">CZYNNA:<\/h4>\n<ul>\n<li>we wtorek &#8211; po wieczornej Mszy \u015awi\u0119tej;<\/li>\n<li>w czwartek &#8211; po wieczornej Mszy \u015awi\u0119tej;<\/li>\n<\/ul>\n<p>&nbsp;<\/p>\n<p style=\"text-align: center;\"><a href=\"http:\/\/www.mbnp.archidiecezja.wroc.pl\/wp-content\/uploads\/2017\/09\/img526.png\" rel=\"lightbox[2790]\"><img decoding=\"async\" loading=\"lazy\" class=\"aligncenter size-large wp-image-2791\" src=\"http:\/\/www.mbnp.archidiecezja.wroc.pl\/wp-content\/uploads\/2017\/09\/img526-1024x537.png\" alt=\"img526\" width=\"648\" height=\"340\" srcset=\"http:\/\/www.mbnp.archidiecezja.wroc.pl\/wp-content\/uploads\/2017\/09\/img526-1024x537.png 1024w, http:\/\/www.mbnp.archidiecezja.wroc.pl\/wp-content\/uploads\/2017\/09\/img526-300x157.png 300w\" sizes=\"(max-width: 648px) 100vw, 648px\" \/><\/a><\/p>\n","protected":false},"excerpt":{"rendered":"<p>KANCELARIA PARAFIALNA CZYNNA: we wtorek &#8211; po wieczornej Mszy \u015awi\u0119tej; w czwartek &#8211; po wieczornej Mszy \u015awi\u0119tej; &nbsp;<\/p>\n","protected":false},"author":7,"featured_media":0,"comment_status":"closed","ping_status":"open","sticky":false,"template":"","format":"standard","meta":[],"categories":[10],"tags":[],"_links":{"self":[{"href":"http:\/\/www.mbnp.archidiecezja.wroc.pl\/index.php?rest_route=\/wp\/v2\/posts\/2790"}],"collection":[{"href":"http:\/\/www.mbnp.archidiecezja.wroc.pl\/index.php?rest_route=\/wp\/v2\/posts"}],"about":[{"href":"http:\/\/www.mbnp.archidiecezja.wroc.pl\/index.php?rest_route=\/wp\/v2\/types\/post"}],"author":[{"embeddable":true,"href":"http:\/\/www.mbnp.archidiecezja.wroc.pl\/index.php?rest_route=\/wp\/v2\/users\/7"}],"replies":[{"embeddable":true,"href":"http:\/\/www.mbnp.archidiecezja.wroc.pl\/index.php?rest_route=%2Fwp%2Fv2%2Fcomments&post=2790"}],"version-history":[{"count":1,"href":"http:\/\/www.mbnp.archidiecezja.wroc.pl\/index.php?rest_route=\/wp\/v2\/posts\/2790\/revisions"}],"predecessor-version":[{"id":2792,"href":"http:\/\/www.mbnp.archidiecezja.wroc.pl\/index.php?rest_route=\/wp\/v2\/posts\/2790\/revisions\/2792"}],"wp:attachment":[{"href":"http:\/\/www.mbnp.archidiecezja.wroc.pl\/index.php?rest_route=%2Fwp%2Fv2%2Fmedia&parent=2790"}],"wp:term":[{"taxonomy":"category","embeddable":true,"href":"http:\/\/www.mbnp.archidiecezja.wroc.pl\/index.php?rest_route=%2Fwp%2Fv2%2Fcategories&post=2790"},{"taxonomy":"post_tag","embeddable":true,"href":"http:\/\/www.mbnp.archidiecezja.wroc.pl\/index.php?rest_route=%2Fwp%2Fv2%2Ftags&post=2790"}],"curies":[{"name":"wp","href":"https:\/\/api.w.org\/{rel}","templated":true}]}}