{"id":2787,"date":"2017-09-10T08:19:24","date_gmt":"2017-09-10T06:19:24","guid":{"rendered":"http:\/\/www.mbnp.archidiecezja.wroc.pl\/?p=2787"},"modified":"2021-08-28T02:32:24","modified_gmt":"2021-08-28T00:32:24","slug":"wyprawka-dla-zaczka-2","status":"publish","type":"post","link":"http:\/\/www.mbnp.archidiecezja.wroc.pl\/?p=2787","title":{"rendered":"Wyprawka dla \u017caczka"},"content":{"rendered":"<p><a href=\"http:\/\/www.mbnp.archidiecezja.wroc.pl\/?page_id=2292&amp;album=6464029172734256273\">\u00a0<\/a>Serdecznie dzi\u0119kujemy wszystkim Parafianom, kt\u00f3rzy w\u0142\u0105czyli si\u0119 w akcj\u0119 &#8222;Wyprawka dla \u017caczka&#8221;.<!--more--> W tym roku przekazali\u015bmy 23 plecaczki (18 dzieciom ze SP 28 i 5 dla dzieci z Bia\u0142orusi). Dzi\u0119kujemy tak\u017ce za wype\u0142nione artyku\u0142ami torby mi\u0142osierdzia. Dzi\u0119ki dobroci tak wielu wspania\u0142ych ludzi mo\u017cemy kontynuowa\u0107 nasz\u0105 pomoc dla najubo\u017cszych.<\/p>\n<p style=\"text-align: center;\"><a href=\"http:\/\/www.mbnp.archidiecezja.wroc.pl\/?page_id=2292&amp;album=6464029172734256273\">GALERIA <\/a><\/p>\n","protected":false},"excerpt":{"rendered":"<p>\u00a0Serdecznie dzi\u0119kujemy wszystkim Parafianom, kt\u00f3rzy w\u0142\u0105czyli si\u0119 w akcj\u0119 &#8222;Wyprawka dla \u017caczka&#8221;.<\/p>\n","protected":false},"author":9,"featured_media":2788,"comment_status":"closed","ping_status":"open","sticky":false,"template":"","format":"standard","meta":[],"categories":[10],"tags":[],"_links":{"self":[{"href":"http:\/\/www.mbnp.archidiecezja.wroc.pl\/index.php?rest_route=\/wp\/v2\/posts\/2787"}],"collection":[{"href":"http:\/\/www.mbnp.archidiecezja.wroc.pl\/index.php?rest_route=\/wp\/v2\/posts"}],"about":[{"href":"http:\/\/www.mbnp.archidiecezja.wroc.pl\/index.php?rest_route=\/wp\/v2\/types\/post"}],"author":[{"embeddable":true,"href":"http:\/\/www.mbnp.archidiecezja.wroc.pl\/index.php?rest_route=\/wp\/v2\/users\/9"}],"replies":[{"embeddable":true,"href":"http:\/\/www.mbnp.archidiecezja.wroc.pl\/index.php?rest_route=%2Fwp%2Fv2%2Fcomments&post=2787"}],"version-history":[{"count":1,"href":"http:\/\/www.mbnp.archidiecezja.wroc.pl\/index.php?rest_route=\/wp\/v2\/posts\/2787\/revisions"}],"predecessor-version":[{"id":2789,"href":"http:\/\/www.mbnp.archidiecezja.wroc.pl\/index.php?rest_route=\/wp\/v2\/posts\/2787\/revisions\/2789"}],"wp:featuredmedia":[{"embeddable":true,"href":"http:\/\/www.mbnp.archidiecezja.wroc.pl\/index.php?rest_route=\/wp\/v2\/media\/2788"}],"wp:attachment":[{"href":"http:\/\/www.mbnp.archidiecezja.wroc.pl\/index.php?rest_route=%2Fwp%2Fv2%2Fmedia&parent=2787"}],"wp:term":[{"taxonomy":"category","embeddable":true,"href":"http:\/\/www.mbnp.archidiecezja.wroc.pl\/index.php?rest_route=%2Fwp%2Fv2%2Fcategories&post=2787"},{"taxonomy":"post_tag","embeddable":true,"href":"http:\/\/www.mbnp.archidiecezja.wroc.pl\/index.php?rest_route=%2Fwp%2Fv2%2Ftags&post=2787"}],"curies":[{"name":"wp","href":"https:\/\/api.w.org\/{rel}","templated":true}]}}