{"id":2760,"date":"2017-08-19T22:31:06","date_gmt":"2017-08-19T20:31:06","guid":{"rendered":"http:\/\/www.mbnp.archidiecezja.wroc.pl\/?p=2760"},"modified":"2021-08-28T02:30:52","modified_gmt":"2021-08-28T00:30:52","slug":"apel-o-pomoc-poszkodowanym-w-wyniku-nawalnic","status":"publish","type":"post","link":"http:\/\/www.mbnp.archidiecezja.wroc.pl\/?p=2760","title":{"rendered":"APEL O POMOC POSZKODOWANYM W WYNIKU NAWA\u0141NIC"},"content":{"rendered":"<h2>APEL O POMOC POSZKODOWANYM W WYNIKU NAWA\u0141NIC<\/h2>\n<p><strong>Umi\u0142owani w Panu Archidiecezjanie, Bracia i Siostry!<\/strong><\/p>\n<p>Wobec cierpienia i b\u00f3lu, jakie prze\u017cywaj\u0105 nasi rodacy, w zwi\u0105zku z nawa\u0142nicami, kt\u00f3re nawiedzi\u0142y Polsk\u0119 w ubieg\u0142ym tygodniu, nie mo\u017cemy pozosta\u0107 oboj\u0119tni. Ogarnijmy modlitw\u0105 tych, kt\u00f3rzy stracili swoich bliskich oraz dorobek ca\u0142ego \u017cycia. W miar\u0119 naszych mo\u017cliwo\u015bci przy\u0142\u0105czmy si\u0119 tak\u017ce do akcji Caritas, kt\u00f3rej celem jest wsparcie materialne poszkodowanych.<\/p>\n<p>&nbsp;<\/p>\n<p>Bardzo prosz\u0119 Przewielebnych Ksi\u0119\u017cy Proboszcz\u00f3w, by w najbli\u017csz\u0105 niedziel\u0119 (<strong>20 sierpnia br.<\/strong>) we wszystkich parafiach Archidiecezji Wroc\u0142awskiej zorganizowali zbi\u00f3rk\u0119 do puszek na pomoc poszkodowanym, a zebrane pieni\u0105dze przekazali bezpo\u015brednio na konto Caritas Polska.<\/p>\n<p>&nbsp;<\/p>\n<p>Jako Dolno\u015bl\u0105zacy pami\u0119tamy o wsparciu, kt\u00f3rego udzielili nam Polacy w 1997 r., kiedy nasz region zosta\u0142 dotkni\u0119ty powodzi\u0105. Tym bardziej zdajemy sobie spraw\u0119, jak wa\u017cne w takich chwilach jest poczucie blisko\u015bci i solidarno\u015bci. Ten prosty gest wsparcia potrzebuj\u0105cych niech wyp\u0142ywa z naszej wiary w obecno\u015b\u0107 Chrystusa w ludziach, kt\u00f3rzy cierpi\u0105 i potrzebuj\u0105 pomocy.<\/p>\n<p>&nbsp;<\/p>\n<p>Dzi\u0119kuj\u0105c za Wasz\u0105 dobro\u0107 z serca wszystkim b\u0142ogos\u0142awi\u0119<\/p>\n<p><strong>+ J\u00f3zef Kupny<\/strong><br \/>\nArcybiskup Metropolita Wroc\u0142awski<\/p>\n","protected":false},"excerpt":{"rendered":"<p>APEL O POMOC POSZKODOWANYM W WYNIKU NAWA\u0141NIC Umi\u0142owani w Panu Archidiecezjanie, Bracia i Siostry! Wobec cierpienia i b\u00f3lu, jakie prze\u017cywaj\u0105 nasi rodacy, w zwi\u0105zku z nawa\u0142nicami, kt\u00f3re nawiedzi\u0142y Polsk\u0119 w &#8230;<\/p>\n","protected":false},"author":7,"featured_media":0,"comment_status":"closed","ping_status":"open","sticky":false,"template":"","format":"standard","meta":[],"categories":[10],"tags":[],"_links":{"self":[{"href":"http:\/\/www.mbnp.archidiecezja.wroc.pl\/index.php?rest_route=\/wp\/v2\/posts\/2760"}],"collection":[{"href":"http:\/\/www.mbnp.archidiecezja.wroc.pl\/index.php?rest_route=\/wp\/v2\/posts"}],"about":[{"href":"http:\/\/www.mbnp.archidiecezja.wroc.pl\/index.php?rest_route=\/wp\/v2\/types\/post"}],"author":[{"embeddable":true,"href":"http:\/\/www.mbnp.archidiecezja.wroc.pl\/index.php?rest_route=\/wp\/v2\/users\/7"}],"replies":[{"embeddable":true,"href":"http:\/\/www.mbnp.archidiecezja.wroc.pl\/index.php?rest_route=%2Fwp%2Fv2%2Fcomments&post=2760"}],"version-history":[{"count":1,"href":"http:\/\/www.mbnp.archidiecezja.wroc.pl\/index.php?rest_route=\/wp\/v2\/posts\/2760\/revisions"}],"predecessor-version":[{"id":2761,"href":"http:\/\/www.mbnp.archidiecezja.wroc.pl\/index.php?rest_route=\/wp\/v2\/posts\/2760\/revisions\/2761"}],"wp:attachment":[{"href":"http:\/\/www.mbnp.archidiecezja.wroc.pl\/index.php?rest_route=%2Fwp%2Fv2%2Fmedia&parent=2760"}],"wp:term":[{"taxonomy":"category","embeddable":true,"href":"http:\/\/www.mbnp.archidiecezja.wroc.pl\/index.php?rest_route=%2Fwp%2Fv2%2Fcategories&post=2760"},{"taxonomy":"post_tag","embeddable":true,"href":"http:\/\/www.mbnp.archidiecezja.wroc.pl\/index.php?rest_route=%2Fwp%2Fv2%2Ftags&post=2760"}],"curies":[{"name":"wp","href":"https:\/\/api.w.org\/{rel}","templated":true}]}}