{"id":2753,"date":"2017-08-18T20:48:29","date_gmt":"2017-08-18T18:48:29","guid":{"rendered":"http:\/\/www.mbnp.archidiecezja.wroc.pl\/?p=2753"},"modified":"2021-08-28T02:30:52","modified_gmt":"2021-08-28T00:30:52","slug":"rodzina-rodzinie-podziekowanie","status":"publish","type":"post","link":"http:\/\/www.mbnp.archidiecezja.wroc.pl\/?p=2753","title":{"rendered":"RODZINA RODZINIE &#8211; PODZI\u0118KOWANIE"},"content":{"rendered":"<p>Nasza Parafia otrzyma\u0142a podzi\u0119kowanie od Caritas Polska za udzia\u0142 w programie &#8222;Rodzina rodzinie&#8221; oraz pro\u015bb\u0119 o kontynuacj\u0119 programu. Ju\u017c dzi\u015b z rado\u015bci\u0105 pragniemy poinformowa\u0107 o kontynuacji pomocy dla dw\u00f3ch rodzin z Aleppo.<!--more--><\/p>\n<p>&#8222;W imieniu Caritas Polska oraz rodzin, kt\u00f3re otrzyma\u0142y wsparcie w projekcie Rodzina Rodzinie serdecznie dzi\u0119kujemy za p\u00f3\u0142roczne zaanga\u017cowanie i pomoc kierowan\u0105 do wybranej rodziny z Syrii.<\/p>\n<p>Rodziny, kt\u00f3re otrzymuj\u0105 pomoc, wiedz\u0105, \u017ce to konkretne osoby, rodziny, wsp\u00f3lnoty z Polski, przekazuj\u0105 pieni\u0105dze na pomoc i popraw\u0119 ich codziennego \u017cycia. Dzi\u0119ki osobom, kt\u00f3re pracuj\u0105 z nami w Aleppo wiemy ile ta pomoc dla nich znaczy i przekazujemy ich ciep\u0142e, z g\u0142\u0119bi serca podzi\u0119kowanie oraz zapewnienie o modlitwie.<\/p>\n<p>Pomimo faktu, \u017ce podobno wojny ju\u017c nie ma w Aleppo, sytuacja mieszka\u0144c\u00f3w miasta jest nadal bardzo ci\u0119\u017cka. Do tragedii wojny dochodz\u0105 dramaty prze\u017cywane w ocala\u0142ych rodzinach! Utrata mieszka\u0144, dom\u00f3w oraz dorobku ca\u0142ego \u017cycia to\u00a0 strata nie do nadrobienia. Przy bardzo wysokich cenach za wod\u0119, pr\u0105d oraz kilkana\u015bcie razy dro\u017csz\u0105 \u017cywno\u015b\u0107 rodziny znajduj\u0105 si\u0119 na skraju n\u0119dzy i ub\u00f3stwa. Koszty \u017cycia s\u0105 niepor\u00f3wnanie wy\u017csze, a mo\u017cliwo\u015bci zarobkowania w zburzonym mie\u015bcie praktycznie nie ma. By \u017cy\u0107 rodzina potrzebuje \u015brednio oko\u0142o 150-200 $. Je\u015bli cz\u0142onkowie rodziny znajd\u0105 prac\u0119 zarabiaj\u0105 tylko 20-40$. Do tego dochodz\u0105 powa\u017cne choroby i niepe\u0142nosprawno\u015b\u0107 dotykaj\u0105ce wielu mieszka\u0144c\u00f3w b\u0119d\u0105ce wynikiem d\u0142ugotrwa\u0142ego ostrza\u0142u, nalot\u00f3w, regularnych bombardowa\u0144 oraz braku opieki medycznej. Nad wieloma rodzinami od niedawna zawis\u0142a gro\u017aba utraty jedynego \u017ar\u00f3d\u0142a dochodu w zwi\u0105zku z decyzj\u0105 powo\u0142ywania do wojska m\u0119\u017cczyzn do 47 roku \u017cycia b\u0119d\u0105cych nierzadko jedynymi \u017cywicielami rodziny. W Syrii nie ma systemu opieki emerytalnej i ci\u0119\u017car opieki nad osobami starszymi spoczywa na dzieciach. Z uwagi na ogromne spustoszenia, kt\u00f3rych dokona\u0142a wojna \u015bmierci najbli\u017cszych, lud\u017ami starszymi nie ma kto si\u0119 zajmowa\u0107. \u017byj\u0105 oni w skrajnej n\u0119dzy. Rodzic\u00f3w ma\u0142ych dzieci nie sta\u0107 na pos\u0142anie ich do szko\u0142y, op\u0142acenia czesnego, nie wspominaj\u0105c o zakupie ksi\u0105\u017cek, wyprawki szkolnej czy ubra\u0144. Koszty pos\u0142ania dzieci do szko\u0142y s\u0105 przeogromne, rodzice kosztem swojego niejedzenia staraj\u0105 si\u0119 wygospodarowa\u0107 pieni\u0105dze na uczynienie \u017cycia swoich dzieci normalnym.<\/p>\n<p>Dlatego te\u017c w imieniu rodzin syryjskich z Aleppo prosimy\u00a0 o dalsz\u0105 pomoc i wsparcie, dzi\u0119ki kt\u00f3remu odbuduj\u0105 one nie tylko miasto, ale i w\u0142asne \u017cycie. Wierzymy, \u017ce zechc\u0105 Pa\u0144stwo pozosta\u0107 z nami i pom\u00f3c mieszka\u0144com odbudowa\u0107 Aleppo!&#8221;<\/p>\n<p><a href=\"http:\/\/www.mbnp.archidiecezja.wroc.pl\/wp-content\/uploads\/2017\/08\/podzi\u0119kowanie-ok.jpg\" rel=\"lightbox[2753]\"><img decoding=\"async\" loading=\"lazy\" class=\"aligncenter size-medium wp-image-2754\" src=\"http:\/\/www.mbnp.archidiecezja.wroc.pl\/wp-content\/uploads\/2017\/08\/podzi\u0119kowanie-ok-216x300.jpg\" alt=\"podzi\u0119kowanie ok\" width=\"216\" height=\"300\" srcset=\"http:\/\/www.mbnp.archidiecezja.wroc.pl\/wp-content\/uploads\/2017\/08\/podzi\u0119kowanie-ok-216x300.jpg 216w, http:\/\/www.mbnp.archidiecezja.wroc.pl\/wp-content\/uploads\/2017\/08\/podzi\u0119kowanie-ok-738x1024.jpg 738w, http:\/\/www.mbnp.archidiecezja.wroc.pl\/wp-content\/uploads\/2017\/08\/podzi\u0119kowanie-ok.jpg 1016w\" sizes=\"(max-width: 216px) 100vw, 216px\" \/><\/a><\/p>\n","protected":false},"excerpt":{"rendered":"<p>Nasza Parafia otrzyma\u0142a podzi\u0119kowanie od Caritas Polska za udzia\u0142 w programie &#8222;Rodzina rodzinie&#8221; oraz pro\u015bb\u0119 o kontynuacj\u0119 programu. Ju\u017c dzi\u015b z rado\u015bci\u0105 pragniemy poinformowa\u0107 o kontynuacji pomocy dla dw\u00f3ch rodzin &#8230;<\/p>\n","protected":false},"author":9,"featured_media":0,"comment_status":"closed","ping_status":"open","sticky":false,"template":"","format":"standard","meta":[],"categories":[10],"tags":[],"_links":{"self":[{"href":"http:\/\/www.mbnp.archidiecezja.wroc.pl\/index.php?rest_route=\/wp\/v2\/posts\/2753"}],"collection":[{"href":"http:\/\/www.mbnp.archidiecezja.wroc.pl\/index.php?rest_route=\/wp\/v2\/posts"}],"about":[{"href":"http:\/\/www.mbnp.archidiecezja.wroc.pl\/index.php?rest_route=\/wp\/v2\/types\/post"}],"author":[{"embeddable":true,"href":"http:\/\/www.mbnp.archidiecezja.wroc.pl\/index.php?rest_route=\/wp\/v2\/users\/9"}],"replies":[{"embeddable":true,"href":"http:\/\/www.mbnp.archidiecezja.wroc.pl\/index.php?rest_route=%2Fwp%2Fv2%2Fcomments&post=2753"}],"version-history":[{"count":3,"href":"http:\/\/www.mbnp.archidiecezja.wroc.pl\/index.php?rest_route=\/wp\/v2\/posts\/2753\/revisions"}],"predecessor-version":[{"id":2757,"href":"http:\/\/www.mbnp.archidiecezja.wroc.pl\/index.php?rest_route=\/wp\/v2\/posts\/2753\/revisions\/2757"}],"wp:attachment":[{"href":"http:\/\/www.mbnp.archidiecezja.wroc.pl\/index.php?rest_route=%2Fwp%2Fv2%2Fmedia&parent=2753"}],"wp:term":[{"taxonomy":"category","embeddable":true,"href":"http:\/\/www.mbnp.archidiecezja.wroc.pl\/index.php?rest_route=%2Fwp%2Fv2%2Fcategories&post=2753"},{"taxonomy":"post_tag","embeddable":true,"href":"http:\/\/www.mbnp.archidiecezja.wroc.pl\/index.php?rest_route=%2Fwp%2Fv2%2Ftags&post=2753"}],"curies":[{"name":"wp","href":"https:\/\/api.w.org\/{rel}","templated":true}]}}