{"id":2653,"date":"2017-06-26T20:48:46","date_gmt":"2017-06-26T18:48:46","guid":{"rendered":"http:\/\/www.mbnp.archidiecezja.wroc.pl\/?p=2653"},"modified":"2017-09-11T09:46:10","modified_gmt":"2017-09-11T07:46:10","slug":"festyn-parafialny-25-06-2017r","status":"publish","type":"post","link":"http:\/\/www.mbnp.archidiecezja.wroc.pl\/?p=2653","title":{"rendered":"FESTYN PARAFIALNY 25.06.2017r."},"content":{"rendered":"<p>Dobra zabawa, pyszne jedzenie, wiele atrakcji dla dzieci, pokaz samochod\u00f3w Stra\u017cy Po\u017carnej i motocykli policyjnych , degustacja produkt\u00f3w oferowanych przez\u00a0 sklep ze zdrow\u0105 \u017cywno\u015bci\u0105, kiermasz ksi\u0105\u017cek i wiele innych atrakcji<!--more--> \u2013 tak kr\u00f3tko o festynie parafialnym, kt\u00f3ry poprzedzi\u0142a Msza \u015awi\u0119ta pod przewodnictwem znamienitego go\u015bcia Bp Antoine Chbeir &#8211; biskupa diecezji Latakia w Syrii\u00a0. Biskup spotka\u0142 si\u0119 z cz\u0142onkami Parafialnego Zespo\u0142u Caritas .<\/p>\n<p>Uczestnicy festynu wsparli\u00a0 odbudow\u0119 szpitala w Aleppo, wrzucaj\u0105c datki do specjalnie oznakowanych puszek.<\/p>\n<p>Dzi\u0119kujemy \u00a0Ksi\u0119dzu Proboszczowi, Ksi\u0119\u017com, Pani Jagodzie, Panu Tadeuszowi \u00a0i wsp\u00f3lnotom parafialnym \u00a0za pomoc w przygotowaniu festynu \u00a0oraz \u00a0oczywi\u015bcie parafianom i go\u015bciom za udzia\u0142 w zabawie.<\/p>\n<p>&nbsp;<\/p>\n<p>Relacja foto poni\u017cej.<\/p>\n<p style=\"text-align: center;\"><a href=\"http:\/\/www.mbnp.archidiecezja.wroc.pl\/?page_id=2292&amp;album=6436011009600936993\">GALERIA ZDJ\u0118\u0106<\/a><\/p>\n<p>&nbsp;<\/p>\n","protected":false},"excerpt":{"rendered":"<p>Dobra zabawa, pyszne jedzenie, wiele atrakcji dla dzieci, pokaz samochod\u00f3w Stra\u017cy Po\u017carnej i motocykli policyjnych , degustacja produkt\u00f3w oferowanych przez\u00a0 sklep ze zdrow\u0105 \u017cywno\u015bci\u0105, kiermasz ksi\u0105\u017cek i wiele innych atrakcji<\/p>\n","protected":false},"author":9,"featured_media":2654,"comment_status":"closed","ping_status":"open","sticky":false,"template":"","format":"standard","meta":[],"categories":[10],"tags":[],"_links":{"self":[{"href":"http:\/\/www.mbnp.archidiecezja.wroc.pl\/index.php?rest_route=\/wp\/v2\/posts\/2653"}],"collection":[{"href":"http:\/\/www.mbnp.archidiecezja.wroc.pl\/index.php?rest_route=\/wp\/v2\/posts"}],"about":[{"href":"http:\/\/www.mbnp.archidiecezja.wroc.pl\/index.php?rest_route=\/wp\/v2\/types\/post"}],"author":[{"embeddable":true,"href":"http:\/\/www.mbnp.archidiecezja.wroc.pl\/index.php?rest_route=\/wp\/v2\/users\/9"}],"replies":[{"embeddable":true,"href":"http:\/\/www.mbnp.archidiecezja.wroc.pl\/index.php?rest_route=%2Fwp%2Fv2%2Fcomments&post=2653"}],"version-history":[{"count":1,"href":"http:\/\/www.mbnp.archidiecezja.wroc.pl\/index.php?rest_route=\/wp\/v2\/posts\/2653\/revisions"}],"predecessor-version":[{"id":2655,"href":"http:\/\/www.mbnp.archidiecezja.wroc.pl\/index.php?rest_route=\/wp\/v2\/posts\/2653\/revisions\/2655"}],"wp:featuredmedia":[{"embeddable":true,"href":"http:\/\/www.mbnp.archidiecezja.wroc.pl\/index.php?rest_route=\/wp\/v2\/media\/2654"}],"wp:attachment":[{"href":"http:\/\/www.mbnp.archidiecezja.wroc.pl\/index.php?rest_route=%2Fwp%2Fv2%2Fmedia&parent=2653"}],"wp:term":[{"taxonomy":"category","embeddable":true,"href":"http:\/\/www.mbnp.archidiecezja.wroc.pl\/index.php?rest_route=%2Fwp%2Fv2%2Fcategories&post=2653"},{"taxonomy":"post_tag","embeddable":true,"href":"http:\/\/www.mbnp.archidiecezja.wroc.pl\/index.php?rest_route=%2Fwp%2Fv2%2Ftags&post=2653"}],"curies":[{"name":"wp","href":"https:\/\/api.w.org\/{rel}","templated":true}]}}