{"id":2641,"date":"2017-06-24T17:23:44","date_gmt":"2017-06-24T15:23:44","guid":{"rendered":"http:\/\/www.mbnp.archidiecezja.wroc.pl\/?p=2641"},"modified":"2021-08-28T02:29:48","modified_gmt":"2021-08-28T00:29:48","slug":"msza-swieta-prymicyjna-ksiedza-jana-inglota","status":"publish","type":"post","link":"http:\/\/www.mbnp.archidiecezja.wroc.pl\/?p=2641","title":{"rendered":"MSZA \u015aWI\u0118TA PRYMICYJNA KSI\u0118DZA JANA INGLOTA"},"content":{"rendered":"<p>\u201eMI\u0141O\u015a\u0106 W PRAWDZIE, kt\u00f3rej Jezus Chrystus da\u0142 \u015bwiadectwo swoim \u017cyciem ziemskim, a zw\u0142aszcza swoj\u0105 \u015bmierci\u0105 i zmartwychwstaniem, stanowi zasadnicz\u0105 si\u0142\u0119 nap\u0119dow\u0105 prawdziwego rozwoju ka\u017cdego cz\u0142owieka i ca\u0142ej ludzko\u015bci. Mi\u0142o\u015b\u0107 \u2014 \u00abcaritas\u00bb \u2014 to nadzwyczajna si\u0142a, kt\u00f3ra ka\u017ce osobom odwa\u017cnie\u00a0 i ofiarnie anga\u017cowa\u0107 si\u0119 w dziedzinie sprawiedliwo\u015bci i pokoju.<!--more--><\/p>\n<p>To si\u0142a, kt\u00f3ra pochodzi od Boga \u2014 odwiecznej Mi\u0142o\u015bci i absolutnej Prawdy. Ka\u017cdy odnajduje swoje dobro, przyjmuj\u0105c plan, kt\u00f3ry B\u00f3g ma wobec niego, by w pe\u0142ni go urzeczywistni\u0107: w tym planie znajduje bowiem swoj\u0105 prawd\u0119, a przyjmuj\u0105c j\u0105 staje si\u0119 wolny (por. J 8, 22)\u201d.<\/p>\n<p><em>ENCYKLIKA &#8222;CARITAS IN VERITATE&#8221; OJCA \u015aWI\u0118TEGO BENEDYKTA XVI<\/em><\/p>\n<p>&nbsp;<\/p>\n<p>Z okazji przyj\u0119cia \u015bwi\u0119ce\u0144 Prezbiteriatu, \u017cyczymy Ci Ksi\u0119\u017ce Janie, aby\u015b potrafi\u0142 by\u0107 w swojej s\u0142u\u017cbie: wolny, sprawiedliwy, odwa\u017cny i aby\u015b dzi\u0119ki mi\u0142o\u015bci w prawdzie, jak Jezus, potrafi\u0142 pisa\u0107 prawo na piasku, a nie odczytywa\u0142 je z twardych kamiennych tablic.<\/p>\n<p style=\"text-align: center;\"><a href=\"http:\/\/www.mbnp.archidiecezja.wroc.pl\/?page_id=2292&amp;album=6434893944907373985\">GALERIA ZDJ\u0118\u0106 &#8211; MSZA \u015aWI\u0118TA<\/a><\/p>\n<p style=\"text-align: center;\"><a href=\"http:\/\/www.mbnp.archidiecezja.wroc.pl\/?page_id=2292&amp;album=6434889805104613921\">GALERIA ZDJ\u0118\u0106 AGAPA<\/a><\/p>\n","protected":false},"excerpt":{"rendered":"<p>\u201eMI\u0141O\u015a\u0106 W PRAWDZIE, kt\u00f3rej Jezus Chrystus da\u0142 \u015bwiadectwo swoim \u017cyciem ziemskim, a zw\u0142aszcza swoj\u0105 \u015bmierci\u0105 i zmartwychwstaniem, stanowi zasadnicz\u0105 si\u0142\u0119 nap\u0119dow\u0105 prawdziwego rozwoju ka\u017cdego cz\u0142owieka i ca\u0142ej ludzko\u015bci. Mi\u0142o\u015b\u0107 \u2014 &#8230;<\/p>\n","protected":false},"author":9,"featured_media":2642,"comment_status":"closed","ping_status":"open","sticky":false,"template":"","format":"standard","meta":[],"categories":[10],"tags":[],"_links":{"self":[{"href":"http:\/\/www.mbnp.archidiecezja.wroc.pl\/index.php?rest_route=\/wp\/v2\/posts\/2641"}],"collection":[{"href":"http:\/\/www.mbnp.archidiecezja.wroc.pl\/index.php?rest_route=\/wp\/v2\/posts"}],"about":[{"href":"http:\/\/www.mbnp.archidiecezja.wroc.pl\/index.php?rest_route=\/wp\/v2\/types\/post"}],"author":[{"embeddable":true,"href":"http:\/\/www.mbnp.archidiecezja.wroc.pl\/index.php?rest_route=\/wp\/v2\/users\/9"}],"replies":[{"embeddable":true,"href":"http:\/\/www.mbnp.archidiecezja.wroc.pl\/index.php?rest_route=%2Fwp%2Fv2%2Fcomments&post=2641"}],"version-history":[{"count":2,"href":"http:\/\/www.mbnp.archidiecezja.wroc.pl\/index.php?rest_route=\/wp\/v2\/posts\/2641\/revisions"}],"predecessor-version":[{"id":2644,"href":"http:\/\/www.mbnp.archidiecezja.wroc.pl\/index.php?rest_route=\/wp\/v2\/posts\/2641\/revisions\/2644"}],"wp:featuredmedia":[{"embeddable":true,"href":"http:\/\/www.mbnp.archidiecezja.wroc.pl\/index.php?rest_route=\/wp\/v2\/media\/2642"}],"wp:attachment":[{"href":"http:\/\/www.mbnp.archidiecezja.wroc.pl\/index.php?rest_route=%2Fwp%2Fv2%2Fmedia&parent=2641"}],"wp:term":[{"taxonomy":"category","embeddable":true,"href":"http:\/\/www.mbnp.archidiecezja.wroc.pl\/index.php?rest_route=%2Fwp%2Fv2%2Fcategories&post=2641"},{"taxonomy":"post_tag","embeddable":true,"href":"http:\/\/www.mbnp.archidiecezja.wroc.pl\/index.php?rest_route=%2Fwp%2Fv2%2Ftags&post=2641"}],"curies":[{"name":"wp","href":"https:\/\/api.w.org\/{rel}","templated":true}]}}