{"id":2630,"date":"2017-06-21T20:29:45","date_gmt":"2017-06-21T18:29:45","guid":{"rendered":"http:\/\/www.mbnp.archidiecezja.wroc.pl\/?p=2630"},"modified":"2022-01-30T16:28:28","modified_gmt":"2022-01-30T15:28:28","slug":"boze-cialo-procesja-2017","status":"publish","type":"post","link":"http:\/\/www.mbnp.archidiecezja.wroc.pl\/?p=2630","title":{"rendered":"Bo\u017ce Cia\u0142o &#8211; Procesja 2017"},"content":{"rendered":"<p>Z Homilii Papie\u017ca Franciszka\u00a0 na uroczysto\u015b\u0107 Bo\u017cego Cia\u0142a<\/p>\n<p><strong>Eucharystia sakramentem pami\u0119ci<\/strong><\/p>\n<p>W uroczysto\u015b\u0107 Bo\u017cego Cia\u0142a kilkakrotnie powraca temat pami\u0119ci: \u201ePami\u0119taj<br \/>\nna wszystkie drogi, kt\u00f3rymi Ci\u0119 prowadzi\u0142 tw\u00f3j Pan B\u00f3g. Nie zapominaj twego Pana. On \u017cywi\u0142 ci\u0119 na pustyni mann\u0105\u201d &#8211; powiedzia\u0142 Moj\u017cesz do ludu. \u201eCzy\u0144cie to na moj\u0105 pami\u0105tk\u0119\u201d &#8211; powie do nas Jezus. Pami\u0119taj na Jezusa Chrystusa \u2013 powie Pawe\u0142 do swego ucznia. \u201e<strong>Chleb \u017cywy, kt\u00f3ry zst\u0105pi\u0142 z nieba\u201d jest sakramentem pami\u0119ci, kt\u00f3ry przypomina nam, w spos\u00f3b realny i namacalny histori\u0119 mi\u0142o\u015bci Boga wobec nas.<\/strong><!--more--><\/p>\n<p>Pami\u0119taj, m\u00f3wi dzi\u015b S\u0142owo Bo\u017ce do ka\u017cdego z nas. Z pami\u0119ci dzie\u0142 Pana czerpa\u0142a si\u0142\u0119 pielgrzymka ludu na pustyni; w pami\u0119ci tego, co Pan uczyni\u0142 dla nas ma sw\u0105 podstaw\u0119 nasza osobista historia zbawienia. Pami\u0119tanie ma dla wiary istotne znaczenie, jak woda dla ro\u015bliny: tak, jak nie mo\u017ce pozosta\u0107 przy \u017cyciu i wyda\u0107 owoc ro\u015blina bez wody, podobnie<br \/>\ni wiara, je\u015bli nie czerpie z pami\u0119ci o tym, co uczyni\u0142 dla nas Pan.<\/p>\n<p>Dzisiejsza uroczysto\u015b\u0107 przypomina nam, \u017ce Pan wychodzi nam na spotkanie.<br \/>\nW chlebie \u017cycia Pan przychodzi nas nawiedzi\u0107, staj\u0105c si\u0119 pokornym pokarmem, kt\u00f3ry<br \/>\nz mi\u0142o\u015bci\u0105 uzdrawia nasz\u0105 pami\u0119\u0107, chor\u0105 na szalony po\u015bpiech. Poniewa\u017c <strong>Eucharystia jest pami\u0105tk\u0105 mi\u0142o\u015bci Boga.<\/strong> W niej \u201eodnawiamy pami\u0119\u0107 Jego m\u0119ki\u201d , mi\u0142o\u015bci Boga do nas, kt\u00f3ra jest nasz\u0105 si\u0142\u0105, wsparciem naszego pielgrzymowania. W Eucharystii jest ca\u0142y smak s\u0142\u00f3w<br \/>\ni gest\u00f3w Jezusa, zapach Jego Paschy, odurzaj\u0105ca wo\u0144 Jego Ducha. Gdy j\u0105 przyjmujemy, to w nasze serce wpisuje si\u0119 pewno\u015b\u0107, \u017ce jeste\u015bmy mi\u0142owani przez Niego.<\/p>\n<p>W ten spos\u00f3b <strong>Eucharystia tworzy w nas pami\u0119\u0107 wdzi\u0119czn\u0105<\/strong>, poniewa\u017c uznajemy siebie za umi\u0142owane dzieci, karmione przez Ojca. Pami\u0119\u0107 woln\u0105, bo mi\u0142o\u015b\u0107 Jezusa, Jego przebaczenie, goi rany przesz\u0142o\u015bci i uspokaja wspominanie krzywd doznanych<br \/>\ni wyrz\u0105dzonych innym. Pami\u0119\u0107 cierpliw\u0105, bo w przeciwno\u015bciach wiemy, \u017ce Duch Jezusa trwa w nas. <strong>Eucharystia dodaje nam otuchy<\/strong>: nawet w najtrudniejszej drodze nie jeste\u015bmy sami, Pan o nas nie zapomina i za ka\u017cdym razem, gdy idziemy do Niego pokrzepia nas z mi\u0142o\u015bci\u0105.<\/p>\n<p><strong>Eucharystia przypomina nam r\u00f3wnie\u017c, \u017ce nie jeste\u015bmy jednostkami, ale cia\u0142em.<\/strong> Tak, jak lud na pustyni zbiera\u0142 mann\u0119, kt\u00f3ra spad\u0142a z nieba i dzieli\u0142 si\u0119 ni\u0105 w rodzinach, tak te\u017c Jezus, Chleb z Nieba, zwo\u0142uje nas, aby\u015bmy przyjmowali Go wsp\u00f3lnie i dzielili si\u0119 Nim mi\u0119dzy sob\u0105. Eucharystia nie jest sakramentem \u201edla mnie\u201d, jest sakramentem wielu, kt\u00f3rzy tworz\u0105 jedno cia\u0142o- \u015awi\u0119ty wierny Lud Bo\u017cy. Przypomnia\u0142 nam o tym \u015bwi\u0119ty Pawe\u0142: \u201ePoniewa\u017c jeden jest chleb, przeto my, liczni, tworzymy jedno cia\u0142o. Wszyscy bowiem bierzemy z tego samego chleba\u201d . <strong>Eucharystia jest sakramentem jedno\u015bci.<\/strong> Ten, kto j\u0105 przyjmuje nie mo\u017ce nie by\u0107 budowniczym jedno\u015bci, poniewa\u017c rodzi si\u0119 w nim, w jego \u201educhowym DNA\u201d konstrukcja jedno\u015bci. Niech ten chleb jedno\u015bci uleczy nas od ambicji dominowania nad innymi, \u017c\u0105dzy gromadzenia dla siebie, od wzniecania niezgody i szerzenia krytyki; niech wzbudzi rado\u015b\u0107 mi\u0142o\u015bci bez rywalizacji, zazdro\u015bci i oszczerczych plotek.<\/p>\n<p>Prze\u017cywaj\u0105c Eucharysti\u0119 <strong>dzi\u0119kujmy Panu za ten najwspanialszy dar: \u017cyw\u0105 pami\u0119\u0107 Jego mi\u0142o\u015bci, kt\u00f3ra tworzy z nas jedno cia\u0142o i prowadzi do jedno\u015bci.<\/strong><\/p>\n<p style=\"text-align: center;\"><a href=\"http:\/\/www.mbnp.archidiecezja.wroc.pl\/?page_id=2292&amp;album=6434158354556695585\">GALERIA ZDJ\u0118\u0106<\/a><\/p>\n<p>&nbsp;<\/p>\n<p>&nbsp;<\/p>\n","protected":false},"excerpt":{"rendered":"<p>Z Homilii Papie\u017ca Franciszka\u00a0 na uroczysto\u015b\u0107 Bo\u017cego Cia\u0142a Eucharystia sakramentem pami\u0119ci W uroczysto\u015b\u0107 Bo\u017cego Cia\u0142a kilkakrotnie powraca temat pami\u0119ci: \u201ePami\u0119taj na wszystkie drogi, kt\u00f3rymi Ci\u0119 prowadzi\u0142 tw\u00f3j Pan B\u00f3g. Nie &#8230;<\/p>\n","protected":false},"author":9,"featured_media":2631,"comment_status":"closed","ping_status":"open","sticky":false,"template":"","format":"standard","meta":[],"categories":[10],"tags":[],"_links":{"self":[{"href":"http:\/\/www.mbnp.archidiecezja.wroc.pl\/index.php?rest_route=\/wp\/v2\/posts\/2630"}],"collection":[{"href":"http:\/\/www.mbnp.archidiecezja.wroc.pl\/index.php?rest_route=\/wp\/v2\/posts"}],"about":[{"href":"http:\/\/www.mbnp.archidiecezja.wroc.pl\/index.php?rest_route=\/wp\/v2\/types\/post"}],"author":[{"embeddable":true,"href":"http:\/\/www.mbnp.archidiecezja.wroc.pl\/index.php?rest_route=\/wp\/v2\/users\/9"}],"replies":[{"embeddable":true,"href":"http:\/\/www.mbnp.archidiecezja.wroc.pl\/index.php?rest_route=%2Fwp%2Fv2%2Fcomments&post=2630"}],"version-history":[{"count":1,"href":"http:\/\/www.mbnp.archidiecezja.wroc.pl\/index.php?rest_route=\/wp\/v2\/posts\/2630\/revisions"}],"predecessor-version":[{"id":2632,"href":"http:\/\/www.mbnp.archidiecezja.wroc.pl\/index.php?rest_route=\/wp\/v2\/posts\/2630\/revisions\/2632"}],"wp:featuredmedia":[{"embeddable":true,"href":"http:\/\/www.mbnp.archidiecezja.wroc.pl\/index.php?rest_route=\/wp\/v2\/media\/2631"}],"wp:attachment":[{"href":"http:\/\/www.mbnp.archidiecezja.wroc.pl\/index.php?rest_route=%2Fwp%2Fv2%2Fmedia&parent=2630"}],"wp:term":[{"taxonomy":"category","embeddable":true,"href":"http:\/\/www.mbnp.archidiecezja.wroc.pl\/index.php?rest_route=%2Fwp%2Fv2%2Fcategories&post=2630"},{"taxonomy":"post_tag","embeddable":true,"href":"http:\/\/www.mbnp.archidiecezja.wroc.pl\/index.php?rest_route=%2Fwp%2Fv2%2Ftags&post=2630"}],"curies":[{"name":"wp","href":"https:\/\/api.w.org\/{rel}","templated":true}]}}