{"id":2624,"date":"2017-06-19T08:23:47","date_gmt":"2017-06-19T06:23:47","guid":{"rendered":"http:\/\/www.mbnp.archidiecezja.wroc.pl\/?p=2624"},"modified":"2021-08-28T02:29:11","modified_gmt":"2021-08-28T00:29:11","slug":"lso-i-oaza-wspolnie-na-zakonczenie-roku-formacyjnego","status":"publish","type":"post","link":"http:\/\/www.mbnp.archidiecezja.wroc.pl\/?p=2624","title":{"rendered":"LSO i Oaza wsp\u00f3lnie na zako\u0144czenie roku formacyjnego"},"content":{"rendered":"<p style=\"text-align: center;\">Wsp\u00f3lne rozmowy przy ciep\u0142ych kie\u0142baskach z grilla towarzyszy\u0142y Liturgicznej S\u0142u\u017cbie O\u0142tarza oraz Ruchowi \u015awiat\u0142o-\u017bycie na zako\u0144czenie kolejnego roku formacyjnego. By\u0142o to pierwsze tego typu spotkanie zorganizowane z inicjatywy duszpasterzy naszej parafii. Szczeg\u00f3lnym go\u015bciem byli rodzice, kt\u00f3rzy\u00a0swoj\u0105 obecno\u015bci\u0105 nadali wyj\u0105tkowego charakteru temu wydarzeniu.<\/p>\n<p style=\"text-align: center;\"><a href=\"http:\/\/www.mbnp.archidiecezja.wroc.pl\/wp-content\/uploads\/2017\/06\/IMG_20170615_203437_resized_20170619_080542088.jpg\" rel=\"lightbox[2624]\"><img decoding=\"async\" loading=\"lazy\" class=\"aligncenter wp-image-2625\" src=\"http:\/\/www.mbnp.archidiecezja.wroc.pl\/wp-content\/uploads\/2017\/06\/IMG_20170615_203437_resized_20170619_080542088-768x1024.jpg\" alt=\"IMG_20170615_203437_resized_20170619_080542088\" width=\"558\" height=\"744\" srcset=\"http:\/\/www.mbnp.archidiecezja.wroc.pl\/wp-content\/uploads\/2017\/06\/IMG_20170615_203437_resized_20170619_080542088-768x1024.jpg 768w, http:\/\/www.mbnp.archidiecezja.wroc.pl\/wp-content\/uploads\/2017\/06\/IMG_20170615_203437_resized_20170619_080542088-225x300.jpg 225w\" sizes=\"(max-width: 558px) 100vw, 558px\" \/><\/a><\/p>\n<p style=\"text-align: center;\"><a href=\"http:\/\/www.mbnp.archidiecezja.wroc.pl\/?page_id=409&amp;album=6433228649329191409\">GALERIA<\/a><\/p>\n","protected":false},"excerpt":{"rendered":"<p>Wsp\u00f3lne rozmowy przy ciep\u0142ych kie\u0142baskach z grilla towarzyszy\u0142y Liturgicznej S\u0142u\u017cbie O\u0142tarza oraz Ruchowi \u015awiat\u0142o-\u017bycie na zako\u0144czenie kolejnego roku formacyjnego. By\u0142o to pierwsze tego typu spotkanie zorganizowane z inicjatywy duszpasterzy naszej &#8230;<\/p>\n","protected":false},"author":7,"featured_media":0,"comment_status":"closed","ping_status":"open","sticky":false,"template":"","format":"standard","meta":[],"categories":[10],"tags":[],"_links":{"self":[{"href":"http:\/\/www.mbnp.archidiecezja.wroc.pl\/index.php?rest_route=\/wp\/v2\/posts\/2624"}],"collection":[{"href":"http:\/\/www.mbnp.archidiecezja.wroc.pl\/index.php?rest_route=\/wp\/v2\/posts"}],"about":[{"href":"http:\/\/www.mbnp.archidiecezja.wroc.pl\/index.php?rest_route=\/wp\/v2\/types\/post"}],"author":[{"embeddable":true,"href":"http:\/\/www.mbnp.archidiecezja.wroc.pl\/index.php?rest_route=\/wp\/v2\/users\/7"}],"replies":[{"embeddable":true,"href":"http:\/\/www.mbnp.archidiecezja.wroc.pl\/index.php?rest_route=%2Fwp%2Fv2%2Fcomments&post=2624"}],"version-history":[{"count":1,"href":"http:\/\/www.mbnp.archidiecezja.wroc.pl\/index.php?rest_route=\/wp\/v2\/posts\/2624\/revisions"}],"predecessor-version":[{"id":2626,"href":"http:\/\/www.mbnp.archidiecezja.wroc.pl\/index.php?rest_route=\/wp\/v2\/posts\/2624\/revisions\/2626"}],"wp:attachment":[{"href":"http:\/\/www.mbnp.archidiecezja.wroc.pl\/index.php?rest_route=%2Fwp%2Fv2%2Fmedia&parent=2624"}],"wp:term":[{"taxonomy":"category","embeddable":true,"href":"http:\/\/www.mbnp.archidiecezja.wroc.pl\/index.php?rest_route=%2Fwp%2Fv2%2Fcategories&post=2624"},{"taxonomy":"post_tag","embeddable":true,"href":"http:\/\/www.mbnp.archidiecezja.wroc.pl\/index.php?rest_route=%2Fwp%2Fv2%2Ftags&post=2624"}],"curies":[{"name":"wp","href":"https:\/\/api.w.org\/{rel}","templated":true}]}}