{"id":2622,"date":"2017-06-19T07:52:38","date_gmt":"2017-06-19T05:52:38","guid":{"rendered":"http:\/\/www.mbnp.archidiecezja.wroc.pl\/?p=2622"},"modified":"2021-08-28T02:29:11","modified_gmt":"2021-08-28T00:29:11","slug":"boze-cialo-15-06-2017","status":"publish","type":"post","link":"http:\/\/www.mbnp.archidiecezja.wroc.pl\/?p=2622","title":{"rendered":"Bo\u017ce Cia\u0142o &#8211; 15.06.2017"},"content":{"rendered":"<p style=\"text-align: center;\">Tradycyjnie w uroczysto\u015b\u0107 Bo\u017cego Cia\u0142a wyruszyli\u015bmy w procesji ulicami naszego osiedla. Z Ko\u015bcio\u0142a procesja przesz\u0142a ul. Hiszpa\u0144sk\u0105, Stan\u00f3w Zjednoczonych, Australijsk\u0105 i Szkock\u0105. Przy czterech o\u0142tarzach rozwa\u017cali\u015bmy obecno\u015b\u0107 Jezusa w Eucharystii. Przez to wydarzenie chcieli\u015bmy wzmocni\u0107 nasz\u0105 wiar\u0119 przez jej publiczne okazanie. Poni\u017cej zamieszczamy film z procesji Bo\u017cego Cia\u0142a.<\/p>\n<p style=\"text-align: center;\"><iframe loading=\"lazy\" src=\"\/\/www.youtube.com\/embed\/mvUArzUdi8I\" width=\"425\" height=\"350\" allowfullscreen=\"allowfullscreen\"><\/iframe><\/p>\n","protected":false},"excerpt":{"rendered":"<p>Tradycyjnie w uroczysto\u015b\u0107 Bo\u017cego Cia\u0142a wyruszyli\u015bmy w procesji ulicami naszego osiedla. Z Ko\u015bcio\u0142a procesja przesz\u0142a ul. Hiszpa\u0144sk\u0105, Stan\u00f3w Zjednoczonych, Australijsk\u0105 i Szkock\u0105. Przy czterech o\u0142tarzach rozwa\u017cali\u015bmy obecno\u015b\u0107 Jezusa w Eucharystii. &#8230;<\/p>\n","protected":false},"author":7,"featured_media":0,"comment_status":"closed","ping_status":"open","sticky":false,"template":"","format":"standard","meta":[],"categories":[10],"tags":[],"_links":{"self":[{"href":"http:\/\/www.mbnp.archidiecezja.wroc.pl\/index.php?rest_route=\/wp\/v2\/posts\/2622"}],"collection":[{"href":"http:\/\/www.mbnp.archidiecezja.wroc.pl\/index.php?rest_route=\/wp\/v2\/posts"}],"about":[{"href":"http:\/\/www.mbnp.archidiecezja.wroc.pl\/index.php?rest_route=\/wp\/v2\/types\/post"}],"author":[{"embeddable":true,"href":"http:\/\/www.mbnp.archidiecezja.wroc.pl\/index.php?rest_route=\/wp\/v2\/users\/7"}],"replies":[{"embeddable":true,"href":"http:\/\/www.mbnp.archidiecezja.wroc.pl\/index.php?rest_route=%2Fwp%2Fv2%2Fcomments&post=2622"}],"version-history":[{"count":1,"href":"http:\/\/www.mbnp.archidiecezja.wroc.pl\/index.php?rest_route=\/wp\/v2\/posts\/2622\/revisions"}],"predecessor-version":[{"id":2623,"href":"http:\/\/www.mbnp.archidiecezja.wroc.pl\/index.php?rest_route=\/wp\/v2\/posts\/2622\/revisions\/2623"}],"wp:attachment":[{"href":"http:\/\/www.mbnp.archidiecezja.wroc.pl\/index.php?rest_route=%2Fwp%2Fv2%2Fmedia&parent=2622"}],"wp:term":[{"taxonomy":"category","embeddable":true,"href":"http:\/\/www.mbnp.archidiecezja.wroc.pl\/index.php?rest_route=%2Fwp%2Fv2%2Fcategories&post=2622"},{"taxonomy":"post_tag","embeddable":true,"href":"http:\/\/www.mbnp.archidiecezja.wroc.pl\/index.php?rest_route=%2Fwp%2Fv2%2Ftags&post=2622"}],"curies":[{"name":"wp","href":"https:\/\/api.w.org\/{rel}","templated":true}]}}