{"id":2598,"date":"2017-06-04T06:24:08","date_gmt":"2017-06-04T04:24:08","guid":{"rendered":"http:\/\/www.mbnp.archidiecezja.wroc.pl\/?p=2598"},"modified":"2021-08-28T02:28:47","modified_gmt":"2021-08-28T00:28:47","slug":"ii-dekanalny-dzien-skupienia-lso","status":"publish","type":"post","link":"http:\/\/www.mbnp.archidiecezja.wroc.pl\/?p=2598","title":{"rendered":"II Dekanalny Dzie\u0144 Skupienia LSO"},"content":{"rendered":"<p>Ju\u017c po rad drugi cz\u0142onkowie Liturgicznej S\u0142u\u017cby O\u0142tarza z dekanatu Wroc\u0142aw Zach\u00f3d I spotkali si\u0119 na wsp\u00f3lnym Dniu Skupienia. Gospodarzem spotkania by\u0142a parafia Macierzy\u0144stwa NMP na Pilczycach, kt\u00f3ra zaprosi\u0142a na to wydarzenie kleryk\u00f3w I roku Seminarium Wroc\u0142awskiego. W trakcie homilii ks. prefekt J\u00f3zef Jarmu\u0142a przypomnia\u0142 \u017cyciorys \u015bw. Dominika Savio, kt\u00f3rego relikwie towarzyszy\u0142y ministrantom w modlitewnej zadumie. W trakcie Dnia Skupienia\u00a0ministranci mieli okazj\u0119 do wsp\u00f3lnej modlitwy, wzajemnego spotkania czy rozm\u00f3w z klerykami. W wydarzeniu tym uczestniczyli r\u00f3wnie\u017c ministranci i lektorzy z naszej parafii wraz z ks. Piotrem.<\/p>\n<p><a href=\"http:\/\/www.mbnp.archidiecezja.wroc.pl\/wp-content\/uploads\/2017\/06\/12.jpg\" rel=\"lightbox[2598]\"><img decoding=\"async\" loading=\"lazy\" class=\"aligncenter size-full wp-image-2599\" src=\"http:\/\/www.mbnp.archidiecezja.wroc.pl\/wp-content\/uploads\/2017\/06\/12.jpg\" alt=\"12\" width=\"900\" height=\"675\" srcset=\"http:\/\/www.mbnp.archidiecezja.wroc.pl\/wp-content\/uploads\/2017\/06\/12.jpg 900w, http:\/\/www.mbnp.archidiecezja.wroc.pl\/wp-content\/uploads\/2017\/06\/12-300x225.jpg 300w\" sizes=\"(max-width: 900px) 100vw, 900px\" \/><\/a><\/p>\n<p style=\"text-align: center;\"><a href=\"http:\/\/www.mbnp.archidiecezja.wroc.pl\/?page_id=409&amp;album=6427633505740348801\">GALERIA<\/a><\/p>\n","protected":false},"excerpt":{"rendered":"<p>Ju\u017c po rad drugi cz\u0142onkowie Liturgicznej S\u0142u\u017cby O\u0142tarza z dekanatu Wroc\u0142aw Zach\u00f3d I spotkali si\u0119 na wsp\u00f3lnym Dniu Skupienia. Gospodarzem spotkania by\u0142a parafia Macierzy\u0144stwa NMP na Pilczycach, kt\u00f3ra zaprosi\u0142a na &#8230;<\/p>\n","protected":false},"author":7,"featured_media":0,"comment_status":"closed","ping_status":"open","sticky":false,"template":"","format":"standard","meta":[],"categories":[10],"tags":[],"_links":{"self":[{"href":"http:\/\/www.mbnp.archidiecezja.wroc.pl\/index.php?rest_route=\/wp\/v2\/posts\/2598"}],"collection":[{"href":"http:\/\/www.mbnp.archidiecezja.wroc.pl\/index.php?rest_route=\/wp\/v2\/posts"}],"about":[{"href":"http:\/\/www.mbnp.archidiecezja.wroc.pl\/index.php?rest_route=\/wp\/v2\/types\/post"}],"author":[{"embeddable":true,"href":"http:\/\/www.mbnp.archidiecezja.wroc.pl\/index.php?rest_route=\/wp\/v2\/users\/7"}],"replies":[{"embeddable":true,"href":"http:\/\/www.mbnp.archidiecezja.wroc.pl\/index.php?rest_route=%2Fwp%2Fv2%2Fcomments&post=2598"}],"version-history":[{"count":1,"href":"http:\/\/www.mbnp.archidiecezja.wroc.pl\/index.php?rest_route=\/wp\/v2\/posts\/2598\/revisions"}],"predecessor-version":[{"id":2600,"href":"http:\/\/www.mbnp.archidiecezja.wroc.pl\/index.php?rest_route=\/wp\/v2\/posts\/2598\/revisions\/2600"}],"wp:attachment":[{"href":"http:\/\/www.mbnp.archidiecezja.wroc.pl\/index.php?rest_route=%2Fwp%2Fv2%2Fmedia&parent=2598"}],"wp:term":[{"taxonomy":"category","embeddable":true,"href":"http:\/\/www.mbnp.archidiecezja.wroc.pl\/index.php?rest_route=%2Fwp%2Fv2%2Fcategories&post=2598"},{"taxonomy":"post_tag","embeddable":true,"href":"http:\/\/www.mbnp.archidiecezja.wroc.pl\/index.php?rest_route=%2Fwp%2Fv2%2Ftags&post=2598"}],"curies":[{"name":"wp","href":"https:\/\/api.w.org\/{rel}","templated":true}]}}