{"id":2573,"date":"2017-05-15T13:39:25","date_gmt":"2017-05-15T11:39:25","guid":{"rendered":"http:\/\/www.mbnp.archidiecezja.wroc.pl\/?p=2573"},"modified":"2017-06-15T21:12:23","modified_gmt":"2017-06-15T19:12:23","slug":"msza-swieta-i-procesja-fatimska-ulicami-osiedla","status":"publish","type":"post","link":"http:\/\/www.mbnp.archidiecezja.wroc.pl\/?p=2573","title":{"rendered":"MSZA \u015aWI\u0118TA I PROCESJA FATIMSKA ULICAMI OSIEDLA"},"content":{"rendered":"<p>&nbsp;<\/p>\n<p>13 maja mogli\u015bmy uczestniczy\u0107 w Procesji Fatimskiej ulicami naszego osiedla.<!--more--><\/p>\n<p>Procesj\u0119 poprzedzi\u0142a Msza \u015awi\u0119ta, kt\u00f3rej przewodniczy\u0142 Ojciec Bp Jacek Kici\u0144ski\u00a0.<\/p>\n<p>Dzi\u0119kujemy wszystkim parafianom i go\u015bciom \u00a0za udzia\u0142 w procesji zwi\u0105zanej z setna rocznic\u0105 objawie\u0144 w Fatimie.<\/p>\n<p>&nbsp;<\/p>\n<p style=\"text-align: center;\"><a href=\"http:\/\/www.mbnp.archidiecezja.wroc.pl\/?page_id=2292&amp;album=6420317006362315601\">GALERIA ZDJ\u0118\u0106 Z UROCZYSTO\u015aCI<\/a><\/p>\n<p style=\"text-align: center;\"><iframe loading=\"lazy\" src=\"\/\/www.youtube.com\/embed\/fD7Dgq_HB5s\" width=\"425\" height=\"350\" allowfullscreen=\"allowfullscreen\"><\/iframe><\/p>\n<p>B\u0141AGALNA LITANIA FATIMSKA<\/p>\n<p><em>Litania b\u0142agalna, kt\u00f3r\u0105 wypowiedzia\u0142 Jan Pawe\u0142 II w Fatimie w 1982 roku, zawierzaj\u0105c Maryi nadzieje i obawy Ko\u015bcio\u0142a w \u015bwiecie wsp\u00f3\u0142czesnym.<\/em><\/p>\n<p><strong>1.Pod Twoj\u0105 obron\u0119 uciekamy si\u0119, \u015awi\u0119ta Bo\u017ca Rodzicielko!<\/strong><\/p>\n<p>Ze s\u0142owami tej antyfony, kt\u00f3r\u0105 modli si\u0119 od wiek\u00f3w Chrystusowy Ko\u015bci\u00f3\u0142, staj\u0119 dzisiaj na miejscu przez Ciebie wybranym i szczeg\u00f3lnie przez Ciebie, Matko, umi\u0142owanym.<\/p>\n<p>Staj\u0119 w szczeg\u00f3lnym poczuciu jedno\u015bci z wszystkimi Pasterzami Ko\u015bcio\u0142a, z kt\u00f3rymi wsp\u00f3lnie stanowimy jedno cia\u0142o i jedno kolegium tak, jak z woli Chrystusa Aposto\u0142owie byli w jedno\u015bci z Piotrem. W poczuciu tej jedno\u015bci wypowiadam s\u0142owa niniejszego Aktu, w kt\u00f3rym raz jeszcze pragn\u0119 zawrze\u0107 nadzieje i obawy Ko\u015bcio\u0142a w \u015bwiecie wsp\u00f3\u0142czesnym.<\/p>\n<p><em>Przyjmij, Matko Chrystusowa, wo\u0142anie nabrzmia\u0142e cierpieniem ludzi.<\/em><\/p>\n<p>Przed czterdziestu laty, a tak\u017ce w dziesi\u0119\u0107 lat p\u00f3\u017aniej, Tw\u00f3j S\u0142uga papie\u017c Pius XII, maj\u0105c przed oczyma bolesne do\u015bwiadczenia rodziny ludzkiej, zawierzy\u0142 i po\u015bwi\u0119ci\u0142 Twemu Niepokalanemu Sercu ca\u0142y \u015bwiat, a zw\u0142aszcza te narody, kt\u00f3re stanowi\u0142y przedmiot Twej szczeg\u00f3lnej mi\u0142o\u015bci i troski.<\/p>\n<p><em>Przyjmij, Matko Chrystusowa, wo\u0142anie nabrzmia\u0142e cierpieniem ludzi.<\/em><\/p>\n<p>Ten \u015bwiat ludzi i narod\u00f3w mam przed oczyma r\u00f3wnie\u017c dzisiaj, kiedy pragn\u0119 ponowi\u0107 zawierzenie i po\u015bwi\u0119cenie dokonane przez mojego poprzednika na stolicy Piotrowej: \u015bwiat ko\u0144cz\u0105cego si\u0119 drugiego tysi\u0105clecia, \u015bwiat wsp\u00f3\u0142czesny, nasz dzisiejszy \u015bwiat!<\/p>\n<p><em>Przyjmij, Matko Chrystusowa, wo\u0142anie nabrzmia\u0142e cierpieniem ludzi.<\/em><\/p>\n<p>Ko\u015bci\u00f3\u0142 na Soborze Watyka\u0144skim II odnowi\u0142 \u015bwiadomo\u015b\u0107 swego pos\u0142annictwa w tym \u015bwiecie, pomny na s\u0142owa Pana:\u00a0<em>id\u017acie&#8230; i nauczajcie wszystkie narody&#8230; Oto Ja jestem z wami przez wszystkie dni, a\u017c do sko\u0144czenia \u015bwiata<\/em>\u00a0(Mt 28,19-20).<\/p>\n<p><em>Przyjmij, Matko Chrystusowa, wo\u0142anie nabrzmia\u0142e cierpieniem ludzi.<\/em><\/p>\n<p>I dlatego, o Matko ludzi i lud\u00f3w, Ty, kt\u00f3ra znasz wszystkie ich cierpienia i nadzieje, Ty, kt\u00f3ra czujesz po macierzy\u0144sku wszystkie zmagania pomi\u0119dzy dobrem a z\u0142em, pomi\u0119dzy \u015bwiat\u0142o\u015bci\u0105 i ciemno\u015bci\u0105, jakie wstrz\u0105saj\u0105 wsp\u00f3\u0142czesnym \u015bwiatem &#8211; przyjmij nasze wo\u0142anie skierowane w Duchu Przenaj\u015bwi\u0119tszym wprost do Twojego Serca i ogarnij mi\u0142o\u015bci\u0105 Matki i S\u0142u\u017cebnicy ten nasz ludzki \u015bwiat, kt\u00f3ry Ci zawierzamy i po\u015bwi\u0119camy, pe\u0142ni niepokoju o doczesny i wieczny los ludzi i lud\u00f3w.<\/p>\n<p><em>Przyjmij, Matko Chrystusowa, wo\u0142anie nabrzmia\u0142e cierpieniem ludzi.<\/em><\/p>\n<p>W szczeg\u00f3lny spos\u00f3b zawierzamy Ci i po\u015bwi\u0119camy tych ludzi i te narody, kt\u00f3re tego najbardziej potrzebuj\u0105.<\/p>\n<p><strong>Pod Twoj\u0105 obron\u0119 uciekamy si\u0119, \u015awi\u0119ta Bo\u017ca Rodzicielko! Naszymi pro\u015bbami racz nie gardzi\u0107 w potrzebach naszych!<\/strong><\/p>\n<ol start=\"2\">\n<li><em>Tak bowiem B\u00f3g umi\u0142owa\u0142 \u015bwiat, \u017ce Syna Swego Jednorodzonego da\u0142, aby ka\u017cdy, kto w Niego wierzy, nie zgin\u0105\u0142, ale mia\u0142 \u017cycie wieczne<\/em>(J 3,16).<\/li>\n<\/ol>\n<p>Ta to w\u0142a\u015bnie mi\u0142o\u015b\u0107 kaza\u0142a Synowi Bo\u017cemu po\u015bwi\u0119ci\u0107 Siebie samego za wszystkich ludzi:\u00a0<em>za nich Ja po\u015bwi\u0119cam w ofierze samego siebie, aby i oni byli u\u015bwi\u0119ceni w prawdzie<\/em><em>\u00a0<\/em>(J 17,19).<\/p>\n<p>Moc\u0105 tego\u00a0<em>po\u015bwi\u0119cenia w ofierze<\/em>\u00a0uczniowie wszystkich czas\u00f3w s\u0105 powo\u0142ani do \u017cywego uczestniczenia w dziele zbawienia \u015bwiata: do dope\u0142niania tego, czego nie dostaje cierpieniom Chrystusa dla dobra Jego Cia\u0142a, kt\u00f3rym jest Ko\u015bci\u00f3\u0142 (por. Kol 1,24; 2 Kor 12,15).<\/p>\n<p><em>Przyjmij nasz\u0105 ufno\u015b\u0107 pokorn\u0105 i nasze zawierzenie.<\/em><\/p>\n<p>Gdy dzisiaj staj\u0119 przed Tob\u0105, Matko Chrystusowa, pragn\u0119 wraz z ca\u0142ym Ko\u015bcio\u0142em, wobec Twego Niepokalanego Serca, zjednoczy\u0107 si\u0119 z Odkupicielem naszym w tym po\u015bwi\u0119ceniu za \u015bwiat i ludzko\u015b\u0107, kt\u00f3re tylko w Jego Boskim Sercu ma moc przeb\u0142aga\u0107 i zado\u015b\u0107uczyni\u0107.<\/p>\n<p><em>Przyjmij nasz\u0105 ufno\u015b\u0107 pokorn\u0105 i nasze zawierzenie.<\/em><\/p>\n<p>Moc tego po\u015bwi\u0119cenia trwa przez wszystkie czasy, ogarnia wszystkich ludzi, ludy i narody, przewy\u017csza za\u015b wszelkie z\u0142o, jakie duch ciemno\u015bci zdolny jest roznieci\u0107 w sercu cz\u0142owieka i w jego dziejach; jakie te\u017c roznieci\u0142 w naszych czasach.<\/p>\n<p>Z tym po\u015bwi\u0119ceniem Odkupiciela naszego, przez pos\u0142ug\u0119 nast\u0119pcy Piotra, jednoczy si\u0119 Ko\u015bci\u00f3\u0142: Cia\u0142o Mistyczne Chrystusa.<\/p>\n<p><em>Przyjmij nasz\u0105 ufno\u015b\u0107 pokorn\u0105 i nasze zawierzenie.<\/em><\/p>\n<p>O, jak\u017ce g\u0142\u0119boko czujemy potrzeb\u0119 po\u015bwi\u0119cenia za ludzko\u015b\u0107 i \u015bwiat: za nasz wsp\u00f3\u0142czesny \u015bwiat w jedno\u015bci z samym Chrystusem! Odkupie\u0144cze dzie\u0142o Chrystusa ma si\u0119 stawa\u0107 przecie\u017c udzia\u0142em \u015bwiata przez Ko\u015bci\u00f3\u0142.<\/p>\n<p><em>Przyjmij nasz\u0105 ufno\u015b\u0107 pokorn\u0105 i nasze zawierzenie.<\/em><\/p>\n<p>O, jak\u017ce nas przeto boli wszystko, co w Ko\u015bciele, w ka\u017cdym z nas, jest przeciwne \u015bwi\u0119to\u015bci i po\u015bwi\u0119ceniu! Jak\u017ce nas boli to, \u017ce wezwanie do pokuty, nawr\u00f3cenia, modlitwy nie spotka\u0142o si\u0119 i nie spotyka z takim przyj\u0119ciem jak powinno!<\/p>\n<p><em>Przyjmij nasz\u0105 ufno\u015b\u0107 pokorn\u0105 i nasze zawierzenie.<\/em><\/p>\n<p>Jak\u017ce nas boli, \u017ce tak ozi\u0119ble uczestniczymy w dziele Chrystusowego Odkupienia! \u017be tak niewystarczaj\u0105co dope\u0142niamy w swoim ciele tego, czego\u00a0<em>nie dostaje cierpieniom Chrystusa<\/em>\u00a0(Kol 1,24).<\/p>\n<p><em>Przyjmij nasz\u0105 ufno\u015b\u0107 pokorn\u0105 i nasze zawierzenie.<\/em><\/p>\n<p>Niech wi\u0119c b\u0119d\u0105 b\u0142ogos\u0142awione wszystkie, kt\u00f3re s\u0105 pos\u0142uszne wezwaniu Odwiecznej Mi\u0142o\u015bci.<\/p>\n<p><em>Przyjmij nasz\u0105 ufno\u015b\u0107 pokorn\u0105 i nasze zawierzenie.<\/em><\/p>\n<p>Niech b\u0119d\u0105 b\u0142ogos\u0142awieni ci, kt\u00f3rzy dzie\u0144 po dniu, z niewyczerpan\u0105 hojno\u015bci\u0105, przyjmuj\u0105 Twoje wezwanie, o Matko, do czynienia tego, co powie Tw\u00f3j Syn, Jezus (por. J 2,5), daj\u0105c Ko\u015bcio\u0142owi i \u015bwiatu radosne \u015bwiadectwo \u017cycia natchnionego Ewangeli\u0105.<\/p>\n<p><em>Przyjmij nasz\u0105 ufno\u015b\u0107 pokorn\u0105 i nasze zawierzenie.<\/em><\/p>\n<p>B\u0105d\u017a b\u0142ogos\u0142awiona Ty, nade wszystko, S\u0142u\u017cebnico Pa\u0144ska, kt\u00f3ra najpe\u0142niej jeste\u015b pos\u0142uszna temu Bo\u017cemu wezwaniu! B\u0105d\u017a pozdrowiona Ty, kt\u00f3ra jeste\u015b ca\u0142a zjednoczona z Odkupie\u0144czym po\u015bwi\u0119ceniem Twojego Syna!<br \/>\nMatko Ko\u015bcio\u0142a! Przy\u015bwiecaj Ludowi Bo\u017cemu na drogach wiary, nadziei i mi\u0142o\u015bci! Pom\u00f3\u017c nam \u017cy\u0107 ca\u0142\u0105 prawd\u0105 Chrystusowego po\u015bwi\u0119cenia za ca\u0142\u0105 rodzin\u0119 ludzk\u0105 w \u015bwiecie wsp\u00f3\u0142czesnym.<\/p>\n<ol start=\"3\">\n<li>Zawierzaj\u0105c Ci, o Matko, \u015bwiat, wszystkich ludzi i wszystkie ludy, zawierzamy Ci tak\u017ce samo to po\u015bwi\u0119cenie za \u015bwiat, sk\u0142adaj\u0105c je w Twym macierzy\u0144skim Sercu.<\/li>\n<\/ol>\n<p>O Serce Niepokalane! Pom\u00f3\u017c nam przezwyci\u0119\u017cy\u0107 groz\u0119 z\u0142a, kt\u00f3re tak \u0142atwo zakorzenia si\u0119 w sercach wsp\u00f3\u0142czesnych ludzi &#8211; z\u0142a, kt\u00f3re w swych niewymiernych skutkach ci\u0105\u017cy ju\u017c nad nasz\u0105 wsp\u00f3\u0142czesno\u015bci\u0105 i zdaje si\u0119 zamyka\u0107 drogi ku przysz\u0142o\u015bci.<\/p>\n<p>Od g\u0142odu i wojny &#8211; wybaw nas!<br \/>\nOd wojny atomowej, od nieobliczalnego samozniszczenia, od wszelkiej wojny &#8211; wybaw nas!<br \/>\nOd grzech\u00f3w przeciw \u017cyciu cz\u0142owieka od jego zarania &#8211; wybaw nas!<br \/>\nOd nienawi\u015bci, od podeptania godno\u015bci dziecka Bo\u017cego &#8211; wybaw nas!<br \/>\nOd wszelkich rodzaj\u00f3w niesprawiedliwo\u015bci w \u017cyciu spo\u0142ecznym, pa\u0144stwowym i mi\u0119dzynarodowym &#8211; wybaw nas!<br \/>\nOd deptania Bo\u017cych przykaza\u0144 &#8211; wybaw nas!<br \/>\nOd usi\u0142owa\u0144 zdeptania samej prawdy o Bogu w sercach ludzkich &#8211; wybaw nas!<br \/>\nOd grzech\u00f3w przeciw Duchowi \u015awi\u0119temu! &#8211; wybaw nas!<\/p>\n<p>Przyjmij, o Matko Chrystusowa, to wo\u0142anie nabrzmia\u0142e cierpieniem wszystkich ludzi! Nabrzmia\u0142e cierpieniem ca\u0142ych spo\u0142ecze\u0144stw.<\/p>\n<p>Niech jeszcze raz objawi si\u0119 w dziejach \u015bwiata niesko\u0144czona pot\u0119ga Mi\u0142o\u015bci mi\u0142osiernej!<\/p>\n<p>Niech powstrzyma z\u0142o!<\/p>\n<p>Niech przetworzy sumienia!<\/p>\n<p>Niech w Sercu Niepokalanym ods\u0142oni si\u0119 dla wszystkich \u015bwiat\u0142o Nadziei!<\/p>\n<p>&nbsp;<\/p>\n<p>&nbsp;<\/p>\n","protected":false},"excerpt":{"rendered":"<p>&nbsp; 13 maja mogli\u015bmy uczestniczy\u0107 w Procesji Fatimskiej ulicami naszego osiedla.<\/p>\n","protected":false},"author":9,"featured_media":2575,"comment_status":"closed","ping_status":"open","sticky":false,"template":"","format":"standard","meta":[],"categories":[10],"tags":[],"_links":{"self":[{"href":"http:\/\/www.mbnp.archidiecezja.wroc.pl\/index.php?rest_route=\/wp\/v2\/posts\/2573"}],"collection":[{"href":"http:\/\/www.mbnp.archidiecezja.wroc.pl\/index.php?rest_route=\/wp\/v2\/posts"}],"about":[{"href":"http:\/\/www.mbnp.archidiecezja.wroc.pl\/index.php?rest_route=\/wp\/v2\/types\/post"}],"author":[{"embeddable":true,"href":"http:\/\/www.mbnp.archidiecezja.wroc.pl\/index.php?rest_route=\/wp\/v2\/users\/9"}],"replies":[{"embeddable":true,"href":"http:\/\/www.mbnp.archidiecezja.wroc.pl\/index.php?rest_route=%2Fwp%2Fv2%2Fcomments&post=2573"}],"version-history":[{"count":4,"href":"http:\/\/www.mbnp.archidiecezja.wroc.pl\/index.php?rest_route=\/wp\/v2\/posts\/2573\/revisions"}],"predecessor-version":[{"id":2583,"href":"http:\/\/www.mbnp.archidiecezja.wroc.pl\/index.php?rest_route=\/wp\/v2\/posts\/2573\/revisions\/2583"}],"wp:featuredmedia":[{"embeddable":true,"href":"http:\/\/www.mbnp.archidiecezja.wroc.pl\/index.php?rest_route=\/wp\/v2\/media\/2575"}],"wp:attachment":[{"href":"http:\/\/www.mbnp.archidiecezja.wroc.pl\/index.php?rest_route=%2Fwp%2Fv2%2Fmedia&parent=2573"}],"wp:term":[{"taxonomy":"category","embeddable":true,"href":"http:\/\/www.mbnp.archidiecezja.wroc.pl\/index.php?rest_route=%2Fwp%2Fv2%2Fcategories&post=2573"},{"taxonomy":"post_tag","embeddable":true,"href":"http:\/\/www.mbnp.archidiecezja.wroc.pl\/index.php?rest_route=%2Fwp%2Fv2%2Ftags&post=2573"}],"curies":[{"name":"wp","href":"https:\/\/api.w.org\/{rel}","templated":true}]}}