{"id":2560,"date":"2017-05-10T20:57:21","date_gmt":"2017-05-10T18:57:21","guid":{"rendered":"http:\/\/www.mbnp.archidiecezja.wroc.pl\/?p=2560"},"modified":"2017-06-07T11:34:53","modified_gmt":"2017-06-07T09:34:53","slug":"msza-sw-prymicyjna-zaproszenie","status":"publish","type":"post","link":"http:\/\/www.mbnp.archidiecezja.wroc.pl\/?p=2560","title":{"rendered":"MSZA \u015aW. PRYMICYJNA &#8211; ZAPROSZENIE"},"content":{"rendered":"<p>&nbsp;<\/p>\n<p style=\"text-align: center;\"><strong>ZAPROSZENIE<\/strong><\/p>\n<p style=\"text-align: right;\"><em>Szcz\u0119\u015bcie, kt\u00f3rego szukacie, to Jezus Chrystus z Nazaretu ukryty w Eucharystii<\/em><\/p>\n<p style=\"text-align: right;\">Benedykt XVI<\/p>\n<p>Drodzy Parafianie!<\/p>\n<p>&nbsp;<\/p>\n<p>Pragn\u0119 poinformowa\u0107 Was, \u017ce w sobot\u0119, <strong>27 maja 2017 roku, o godz. 10<u><sup>00<\/sup><\/u><\/strong>,<br \/>\nw\u00a0Archikatedrze Wroc\u0142awskiej, przyjm\u0119 <strong>\u015bwi\u0119cenia kap\u0142a\u0144skie<\/strong> z r\u0105k Ksi\u0119dza Arcybiskupa J\u00f3zefa Kupnego.<!--more--><\/p>\n<p>Tego samego dnia, zapraszam na <strong>adoracj\u0119 Naj\u015bwi\u0119tszego Sakramentu<\/strong>, po\u0142\u0105czon\u0105<br \/>\nz nabo\u017ce\u0144stwem majowym, odprawian\u0105 <strong>w godzinach 20<u><sup>00<\/sup><\/u>-21<u><sup>00<\/sup><\/u><\/strong>, w naszym ko\u015bciele parafialnym, podczas kt\u00f3rej, wsp\u00f3lnie z Wami, chc\u0119 podzi\u0119kowa\u0107 Jezusowi Chrystusowi<br \/>\nza \u0142ask\u0119 powo\u0142ania kap\u0142a\u0144skiego.<\/p>\n<p>Natomiast dzie\u0144 p\u00f3\u017aniej, w niedziel\u0119, <strong>28 maja 2017 roku, <\/strong>serdecznie zapraszam na <span style=\"color: #ff0000;\"><strong>MSZ\u0118 \u015aWI\u0118T\u0104 PRYMICYJN\u0104, <\/strong><span style=\"color: #000000;\">kt\u00f3r\u0105 b\u0119d\u0119 celebrowa\u0142<\/span><\/span><br \/>\nw naszym ko\u015bciele <strong>o godz. 12<u><sup>30<\/sup><\/u><\/strong>.<\/p>\n<p>Uroczysto\u015b\u0107 rozpocznie si\u0119 <strong>o godz. 12<u><sup>00<\/sup><\/u><\/strong>, przed moim domem rodzinnym (<strong>ul.\u00a0Australijska 72<\/strong>), sk\u0105d zostan\u0119 procesjonalnie przyprowadzony do ko\u015bcio\u0142a.<\/p>\n<p>&nbsp;<\/p>\n<p>&nbsp;<\/p>\n<p style=\"text-align: right;\">Z pro\u015bb\u0105 o modlitw\u0119,<\/p>\n<p style=\"text-align: right;\">Jan Inglot<\/p>\n","protected":false},"excerpt":{"rendered":"<p>&nbsp; ZAPROSZENIE Szcz\u0119\u015bcie, kt\u00f3rego szukacie, to Jezus Chrystus z Nazaretu ukryty w Eucharystii Benedykt XVI Drodzy Parafianie! &nbsp; Pragn\u0119 poinformowa\u0107 Was, \u017ce w sobot\u0119, 27 maja 2017 roku, o godz. &#8230;<\/p>\n","protected":false},"author":9,"featured_media":2561,"comment_status":"closed","ping_status":"open","sticky":false,"template":"","format":"standard","meta":[],"categories":[10],"tags":[],"_links":{"self":[{"href":"http:\/\/www.mbnp.archidiecezja.wroc.pl\/index.php?rest_route=\/wp\/v2\/posts\/2560"}],"collection":[{"href":"http:\/\/www.mbnp.archidiecezja.wroc.pl\/index.php?rest_route=\/wp\/v2\/posts"}],"about":[{"href":"http:\/\/www.mbnp.archidiecezja.wroc.pl\/index.php?rest_route=\/wp\/v2\/types\/post"}],"author":[{"embeddable":true,"href":"http:\/\/www.mbnp.archidiecezja.wroc.pl\/index.php?rest_route=\/wp\/v2\/users\/9"}],"replies":[{"embeddable":true,"href":"http:\/\/www.mbnp.archidiecezja.wroc.pl\/index.php?rest_route=%2Fwp%2Fv2%2Fcomments&post=2560"}],"version-history":[{"count":2,"href":"http:\/\/www.mbnp.archidiecezja.wroc.pl\/index.php?rest_route=\/wp\/v2\/posts\/2560\/revisions"}],"predecessor-version":[{"id":2608,"href":"http:\/\/www.mbnp.archidiecezja.wroc.pl\/index.php?rest_route=\/wp\/v2\/posts\/2560\/revisions\/2608"}],"wp:featuredmedia":[{"embeddable":true,"href":"http:\/\/www.mbnp.archidiecezja.wroc.pl\/index.php?rest_route=\/wp\/v2\/media\/2561"}],"wp:attachment":[{"href":"http:\/\/www.mbnp.archidiecezja.wroc.pl\/index.php?rest_route=%2Fwp%2Fv2%2Fmedia&parent=2560"}],"wp:term":[{"taxonomy":"category","embeddable":true,"href":"http:\/\/www.mbnp.archidiecezja.wroc.pl\/index.php?rest_route=%2Fwp%2Fv2%2Fcategories&post=2560"},{"taxonomy":"post_tag","embeddable":true,"href":"http:\/\/www.mbnp.archidiecezja.wroc.pl\/index.php?rest_route=%2Fwp%2Fv2%2Ftags&post=2560"}],"curies":[{"name":"wp","href":"https:\/\/api.w.org\/{rel}","templated":true}]}}