{"id":2528,"date":"2017-04-16T09:39:28","date_gmt":"2017-04-16T07:39:28","guid":{"rendered":"http:\/\/www.mbnp.archidiecezja.wroc.pl\/?p=2528"},"modified":"2017-05-16T09:32:58","modified_gmt":"2017-05-16T07:32:58","slug":"triduum-paschalne-wielka-sobota","status":"publish","type":"post","link":"http:\/\/www.mbnp.archidiecezja.wroc.pl\/?p=2528","title":{"rendered":"TRIDUUM  PASCHALNE- WIELKA SOBOTA"},"content":{"rendered":"<p>&#8222;Zmartwychwstanie Chrystusa nie jest owocem spekulacji czy jakiego\u015b do\u015bwiadczenia mistycznego: jest to wydarzenie, kt\u00f3re z pewno\u015bci\u0105 wykracza poza histori\u0119, ale kt\u00f3re dokonuje si\u0119 w dok\u0142adnej chwili dziejowej i pozostawia w niej niezmywaln\u0105 piecz\u0119\u0107.<!--more--><\/p>\n<p>\u015awiat\u0142o, kt\u00f3re o\u015blepi\u0142o stra\u017ce, czuwaj\u0105ce przy grobie Jezusa, przenikn\u0119\u0142o czas i przestrze\u0144. Jest to \u015bwiat\u0142o odmienne, boskie, kt\u00f3re rozerwa\u0142o ciemno\u015bci \u015bmierci i wprowadzi\u0142o na \u015bwiat blask Boga, blask Prawdy i Dobra. Tak jak promienie s\u0142o\u0144ca na wiosn\u0119 sprawiaj\u0105, \u017ce wyrastaj\u0105 i otwieraj\u0105 si\u0119 p\u0105ki na ga\u0142\u0119ziach drzew, podobnie promieniowanie, bij\u0105ce od Zmartwychwstania Chrystusa nadaje si\u0142\u0119 i znaczenie wszelkiej nadziei ludzkiej, wszelkiemu oczekiwaniu, pragnieniu i planowi. Dlatego ca\u0142y wszech\u015bwiat raduje si\u0119 dzi\u015b, w\u0142\u0105czony w wiosn\u0119 ludzko\u015bci, kt\u00f3ra staje si\u0119 wyrazicielk\u0105 niemego hymnu chwa\u0142y stworzenia.<\/p>\n<p>Wielkanocne Alleluja, kt\u00f3re rozlega si\u0119 w Ko\u015bciele pielgrzymuj\u0105cym na \u015bwiecie, wyra\u017ca milcz\u0105ce uniesienie wszech\u015bwiata, a zw\u0142aszcza gor\u0105ce pragnienie ka\u017cdej duszy ludzkiej, szczerze otwartej na Boga, co wi\u0119cej \u2013 wdzi\u0119cznej za Jego niesko\u0144czon\u0105 dobro\u0107, pi\u0119kno i prawd\u0119. \u201eZe zmartwychwstania Twego, Chryste, raduj\u0105 si\u0119 niebo i ziemia\u201d. Na to wezwanie do g\u0142oszenia chwa\u0142y, kt\u00f3re wznosi si\u0119 dzi\u015b z serca Ko\u015bcio\u0142a, \u201eniebiosa\u201d odpowiadaj\u0105 w ca\u0142ej pe\u0142ni: zast\u0119py anio\u0142\u00f3w, \u015bwi\u0119tych i b\u0142ogos\u0142awionych w\u0142\u0105czaj\u0105 si\u0119 jednog\u0142o\u015bnie w nasz\u0105 wielk\u0105 rado\u015b\u0107.<\/p>\n<p>W Niebie wszystko jest pokojem i rado\u015bci\u0105. Ale nie jest tak niestety na ziemi! Tutaj, na tym naszym \u015bwiecie wielkanocne alleluja pozostaje jeszcze w sprzeczno\u015bci z p\u0142aczem i krzykami, pochodz\u0105cymi z wielu bolesnych sytuacji: biedy, g\u0142odu, chor\u00f3b, wojen, przemocy. A jednak w\u0142a\u015bnie dlatego Chrystus umar\u0142 i zmartwychwsta\u0142! Umar\u0142 tak\u017ce z powodu naszych dzisiejszych grzech\u00f3w i zmartwychwsta\u0142 r\u00f3wnie\u017c, aby odkupi\u0107 nasz\u0105 dzisiejsz\u0105 histori\u0119. Dlatego to moje or\u0119dzie pragnie dotrze\u0107 do wszystkich, jak or\u0119dzie prorocze, przede wszystkim do narod\u00f3w i wsp\u00f3lnot, kt\u00f3re cierpi\u0105 czas m\u0119ki, aby Chrystus Zmartwychwsta\u0142y otworzy\u0142 im drog\u0119 wolno\u015bci, sprawiedliwo\u015bci i pokoju. (\u2026)<\/p>\n<p>&nbsp;<\/p>\n<p>Kochani Ksi\u0119\u017ca i Parafianie, te s\u0142owa Papie\u017ca Benedykta XVI niech stan\u0105 si\u0119 nasz\u0105 wielkanocn\u0105 refleksj\u0105. W tych szczeg\u00f3lnych dniach \u017cyczymy Wam tej nieustaj\u0105cej wiosny w \u015bwietle blasku Zmartwychwsta\u0142ego, blasku prawdy i dobra. Alleluja\u00a0 !<\/p>\n<p style=\"text-align: right;\">PZC Caritas<\/p>\n<p style=\"text-align: center;\"><a href=\"http:\/\/www.mbnp.archidiecezja.wroc.pl\/?page_id=2292&amp;album=6409497011479385169\">GALERIA ZDJ\u0118\u0106 Z UROCZYSTO\u015aCI WIELKIEJ SOBOTY<\/a><\/p>\n","protected":false},"excerpt":{"rendered":"<p>&#8222;Zmartwychwstanie Chrystusa nie jest owocem spekulacji czy jakiego\u015b do\u015bwiadczenia mistycznego: jest to wydarzenie, kt\u00f3re z pewno\u015bci\u0105 wykracza poza histori\u0119, ale kt\u00f3re dokonuje si\u0119 w dok\u0142adnej chwili dziejowej i pozostawia w &#8230;<\/p>\n","protected":false},"author":9,"featured_media":2529,"comment_status":"closed","ping_status":"open","sticky":false,"template":"","format":"standard","meta":[],"categories":[10],"tags":[],"_links":{"self":[{"href":"http:\/\/www.mbnp.archidiecezja.wroc.pl\/index.php?rest_route=\/wp\/v2\/posts\/2528"}],"collection":[{"href":"http:\/\/www.mbnp.archidiecezja.wroc.pl\/index.php?rest_route=\/wp\/v2\/posts"}],"about":[{"href":"http:\/\/www.mbnp.archidiecezja.wroc.pl\/index.php?rest_route=\/wp\/v2\/types\/post"}],"author":[{"embeddable":true,"href":"http:\/\/www.mbnp.archidiecezja.wroc.pl\/index.php?rest_route=\/wp\/v2\/users\/9"}],"replies":[{"embeddable":true,"href":"http:\/\/www.mbnp.archidiecezja.wroc.pl\/index.php?rest_route=%2Fwp%2Fv2%2Fcomments&post=2528"}],"version-history":[{"count":1,"href":"http:\/\/www.mbnp.archidiecezja.wroc.pl\/index.php?rest_route=\/wp\/v2\/posts\/2528\/revisions"}],"predecessor-version":[{"id":2530,"href":"http:\/\/www.mbnp.archidiecezja.wroc.pl\/index.php?rest_route=\/wp\/v2\/posts\/2528\/revisions\/2530"}],"wp:featuredmedia":[{"embeddable":true,"href":"http:\/\/www.mbnp.archidiecezja.wroc.pl\/index.php?rest_route=\/wp\/v2\/media\/2529"}],"wp:attachment":[{"href":"http:\/\/www.mbnp.archidiecezja.wroc.pl\/index.php?rest_route=%2Fwp%2Fv2%2Fmedia&parent=2528"}],"wp:term":[{"taxonomy":"category","embeddable":true,"href":"http:\/\/www.mbnp.archidiecezja.wroc.pl\/index.php?rest_route=%2Fwp%2Fv2%2Fcategories&post=2528"},{"taxonomy":"post_tag","embeddable":true,"href":"http:\/\/www.mbnp.archidiecezja.wroc.pl\/index.php?rest_route=%2Fwp%2Fv2%2Ftags&post=2528"}],"curies":[{"name":"wp","href":"https:\/\/api.w.org\/{rel}","templated":true}]}}