{"id":2525,"date":"2017-04-16T09:39:06","date_gmt":"2017-04-16T07:39:06","guid":{"rendered":"http:\/\/www.mbnp.archidiecezja.wroc.pl\/?p=2525"},"modified":"2017-05-16T09:27:58","modified_gmt":"2017-05-16T07:27:58","slug":"triduum-paschalne-wielki-piatek","status":"publish","type":"post","link":"http:\/\/www.mbnp.archidiecezja.wroc.pl\/?p=2525","title":{"rendered":"TRIDUUM PASCHALNE &#8211; WIELKI PI\u0104TEK"},"content":{"rendered":"<p style=\"text-align: center;\"><strong><em>Siedem s\u0142\u00f3w Jezusa na krzy\u017cu<\/em><\/strong><\/p>\n<p>Pie\u015b\u0144: Adoramus te Christe benedicimus Tibi , quiam per crucem Tuam redemisti mundum<\/p>\n<ol>\n<li>Z Ewangelii \u0141ukasza:<\/li>\n<\/ol>\n<p>\u201eKiedy przyszli na miejsce zwane czaszk\u0105. Ukrzy\u017cowali tam\u00a0 Jego i z\u0142oczy\u0144c\u00f3w, jednego po prawej a drugiego po lewej stronie. Jezus m\u00f3wi\u0142 : <strong>\u201eOjcze, przebacz im, bo nie wiedz\u0105, co czyni\u0105\u201d<\/strong><!--more--><\/p>\n<p>Jezu, Ty uczysz nas modli\u0107 si\u0119 do Ojca prosz\u0105c : \u201eOdpu\u015b\u0107 nam nasze winy jako i my odpuszczamy naszym winowajcom\u201d. Sam potwierdzi\u0142e\u015b te s\u0142owa cierpi\u0105c\u00a0 na krzy\u017cu : \u201eOjcze wybacz im, bo nie wiedz\u0105, co czyni\u0105\u201d.<\/p>\n<p>Ty Panie uczysz nas , ze \u017ar\u00f3d\u0142em przebaczenia jest niesamolubna mi\u0142o\u015b\u0107 , kt\u00f3ra nie prowadzi rachunku krzywd, nie domaga si\u0119 zado\u015b\u0107 uczynienia za poniesion\u0105 strat\u0119. Czy potrafi\u0119 przebacza\u0107 ? Czy rozumiem, co znaczy przebacza\u0107?<\/p>\n<p>Pie\u015b\u0144: Dobranoc, G\u0142owo \u015bwi\u0119ta Jezusa mojego,<\/p>\n<p>Kt\u00f3ra\u015b by\u0142a zraniona do m\u00f3zgu samego.<\/p>\n<p>ref:\u00a0 Dobranoc Kwiecie r\u00f3\u017cany,<\/p>\n<p>Dobranoc Jezu kochany, dobranoc!<\/p>\n<p>&nbsp;<\/p>\n<ol start=\"2\">\n<li>Z Ewangelii \u0141ukasza:<\/li>\n<\/ol>\n<p>\u201eJeden z powieszonych na krzy\u017cu z\u0142oczy\u0144c\u00f3w blu\u017ani\u0142 Mu m\u00f3wi\u0105c \u201eCzy Ty nie jeste\u015b Chrystusem? Wybaw siebie i nas\u201d. Drugi natomiast upominaj\u0105c go powiedzia\u0142: \u201ety nawet Boga si\u0119 nie boisz, chocia\u017c ponosisz t\u0119 sam\u0105 kar\u0119. My przecie\u017c sprawiedliwie zostali\u015bmy ukarani, zas\u0142u\u017cyli\u015bmy na to , ale On nic z\u0142ego nie zrobi\u0142 i doda\u0142 \u201eJezu wspomnij o mnie, gdy wejdziesz do swego Kr\u00f3lestwa. Odpowiedzia\u0142 mu: <strong>\u201eZapewniam Ci\u0119, dzisiaj b\u0119dziesz ze mn\u0105 w raju\u201d<\/strong><\/p>\n<p>Panie Jezu jak\u017ce trudno zrozumie\u0107 nam te wielk\u0105 tajemnic\u0119 rzeczywisto\u015bci odkupienia. Ty nie oszcz\u0119dzi\u0142e\u015b siebie, aby\u00a0 oszcz\u0119dzi\u0107 nas. Nape\u0142niasz\u00a0 nasze serca \u0142ask\u0105 wiary, by\u015bmy w jej \u015bwietle mogli poznawa\u0107 g\u0142\u0119bi\u0119 tajemnicy krzy\u017ca.<\/p>\n<p>Pie\u015b\u0144: \u00a0Dobranoc, w\u0142osy \u015bwi\u0119te, mocno potargane,<\/p>\n<p>Kt\u00f3re by\u0142y naj\u015bwi\u0119tsz\u0105 Krwi\u0105 zafarbowane.<\/p>\n<p>Ref : Dobranoc Kwiecie r\u00f3\u017cany,<\/p>\n<p>Dobranoc Jezu kochany, dobranoc<\/p>\n<p>&nbsp;<\/p>\n<ol start=\"3\">\n<li>Z Ewangelii Jana :<\/li>\n<\/ol>\n<p>\u201ePrzy krzy\u017cu Jezusa sta\u0142a Jego Matka, siostra jego Matki, Maria, \u017cona Kleofasa oraz Maria Magdalena. Gdy Jezus zobaczy\u0142 Matk\u0119 i stoj\u0105cego obok ucznia, kt\u00f3rego mi\u0142owa\u0142, zwr\u00f3ci\u0142 si\u0119 do Matki : <strong>\u201eNiewiasto, oto Tw\u00f3j syn\u201d.<\/strong> Nast\u0119pnie rzek\u0142 do ucznia: <strong>\u201eOto Twoja Matka\u201d<\/strong> i od tej godziny ucze\u0144 przyj\u0105\u0142 j\u0105 do siebie\u201d<\/p>\n<p>Panie Jezu\u00a0 nikt tak jak Twoja Matka nie przyj\u0105\u0142 sercem tajemnicy Odkupienia. Sercem, kt\u00f3re kocha<br \/>\nw ka\u017cdej sytuacji, nawet pod drzewem krzy\u017ca w\u0142asnego dziecka. Mi\u0142o\u015b\u0107 nie pozwala Ci Maryjo zrezygnowa\u0107\u00a0 z prawdy Odkupienia ,cho\u0107 p\u0142acisz za ni\u0105 wielk\u0105 cen\u0119.<\/p>\n<p>Pie\u015b\u0144: Dobranoc, nogi \u015bwi\u0119te, na wylot przeszyte,<\/p>\n<p>I t\u0119pymi gwo\u017adziami do krzy\u017ca przybite.<\/p>\n<p>Ref : Dobranoc Kwiecie r\u00f3\u017cany,<\/p>\n<p>Dobranoc Jezu kochany, dobranoc!<\/p>\n<p>&nbsp;<\/p>\n<ol start=\"4\">\n<li>Z Ewangelii Mateusza :<\/li>\n<\/ol>\n<p>\u201eOd godziny 6 do godziny 9 ciemno\u015b\u0107 okry\u0142a ca\u0142\u0105 ziemi\u0119. Ok. godziny 9 Jezus zawo\u0142a\u0142 dono\u015bnym g\u0142osem : \u201eEli, Eli lema sabachthani\u201d, to znaczy <strong>\u201eBo\u017ce m\u00f3j, Bo\u017ce m\u00f3j, czemu\u015b mnie opu\u015bci\u0142\u201d<\/strong><\/p>\n<p>Panie Jezu jak wielk\u0105 mi\u0142o\u015bci\u0105 otoczy\u0142 nas Tw\u00f3j Ojciec skoro potrafi\u0142 po\u015bwi\u0119ci\u0107 swojego syna na odkupienie za nasze grzechy. Jak trudno wyobrazi\u0107 sobie Ojca biernie przypatruj\u0105cego si\u0119 m\u0119kom swojego Syna na krzy\u017cu. Syn Tw\u00f3j Bo\u017ce\u00a0 \u015bwiadomie przyj\u0105\u0142 cierpienie, poni\u017cenie, sta\u0142 si\u0119 grzechem Ten, kt\u00f3ry nie zna\u0142 grzechu.<\/p>\n<p>Niech ta tajemnica pomo\u017ce nam w znoszeniu cierpie\u0144, chor\u00f3b , trudno\u015bci \u017cyciowych. Mo\u017ce w danym czasie nie reagujesz na nasze pro\u015bby, ale ca\u0142y czas otaczasz nas swoim\u00a0 niesko\u0144czonym mi\u0142osierdziem.<\/p>\n<p>Pie\u015b\u0144: \u00a0Dobranoc r\u0119ce \u015bwi\u0119te, na krzy\u017c wyci\u0105gnione,<\/p>\n<p>Jako struny na lutni, gdy s\u0105 wystrojone.<\/p>\n<p>Ref : Dobranoc Kwiecie r\u00f3\u017cany,<\/p>\n<p>Dobranoc Jezu kochany, dobranoc!<\/p>\n<p>&nbsp;<\/p>\n<ol start=\"5\">\n<li>Z Ewangelii Jana<\/li>\n<\/ol>\n<p>\u201ePotem Jezus wiedz\u0105c, \u017ce ju\u017c wszystko si\u0119 dokona\u0142o, aby wype\u0142ni\u0142o si\u0119 Pismo rzek\u0142: <strong>\u201ePragn\u0119\u201d.<\/strong> A znajdowa\u0142o si\u0119 tam naczynie pe\u0142ne octu. Na\u0142o\u017cono wi\u0119c na hizop g\u0105bk\u0119 nas\u0105czon\u0105 octem i podano Mu do ust.\u201d<\/p>\n<p>Tak cz\u0119sto pragnienia, z kt\u00f3rymi zwracamy si\u0119 do Ciebie Bo\u017ce nie zostaj\u0105 spe\u0142nione w wymiarze przez nas oczekiwanym. Czy obra\u017camy si\u0119 na Ciebie za to ? A mo\u017ce przyjmujemy Twoj\u0105 wol\u0119 w ufno\u015bci i przekonaniu, \u017ce Ty najlepiej wiesz, co dla nas dobre, co potrafi o\u017cywi\u0107 nasz\u0105 wiar\u0119, co sprawi , \u017ce b\u0119dziemy Twoim \u015bwiat\u0142em dla innych.<\/p>\n<p>Pie\u015b\u0144: Dobranoc, boku \u015bwi\u0119ty, z kt\u00f3rego p\u0142yn\u0119\u0142a<\/p>\n<p>Krew naj\u015bwi\u0119tsza, by grzechy cz\u0142owieka obmy\u0142a.<\/p>\n<p>Ref:\u00a0\u00a0 Dobranoc Kwiecie r\u00f3\u017cany,<\/p>\n<p>Dobranoc Jezu kochany, dobranoc!<\/p>\n<p>&nbsp;<\/p>\n<ol start=\"6\">\n<li>Z Ewangelii Jana :<\/li>\n<\/ol>\n<p>\u201eKiedy Jezus skosztowa\u0142 octu, powiedzia\u0142: <strong>\u201eWykona\u0142o si\u0119\u201d.<\/strong> Po czym sk\u0142oni\u0142 g\u0142ow\u0119 i odda\u0142 ducha\u201d<\/p>\n<p>Panie Jezu tu pod Twoim Krzy\u017cem w\u00a0 chwili\u00a0 agonii wraz z ostatnimi s\u0142owami , po kt\u00f3rych zst\u0105pisz do otch\u0142ani piekie\u0142,\u00a0 aby zwyci\u0119\u017cy\u0107 \u015bmier\u0107, zaczynamy inaczej patrze\u0107 na nasze ma\u0142e krzy\u017ce, cierpienia i niepokoje. Oddajemy je Tobie, dzi\u0119kuj\u0105c za twe niesko\u0144czone mi\u0142osierdzie.<\/p>\n<p>Pie\u015b\u0144:\u00a0 Dobranoc, Serce \u015bwi\u0119te, w\u0142\u00f3czni\u0105 otworzone,<\/p>\n<p>B\u0105d\u017a po wszystkie wieczno\u015bci mile pozdrowione.<\/p>\n<p>Ref:\u00a0 Dobranoc Kwiecie r\u00f3\u017cany,<\/p>\n<p>Dobranoc Jezu kochany, dobranoc!<\/p>\n<p>&nbsp;<\/p>\n<ol start=\"7\">\n<li>Z Ewangelii \u0141ukasza<\/li>\n<\/ol>\n<p>\u201eBy\u0142a ju\u017c prawie godzina sz\u00f3sta a ciemno\u015b\u0107 ogarn\u0119\u0142a ca\u0142\u0105 ziemi\u0119 a\u017c do godziny dziewi\u0105tej. Gdy s\u0142o\u0144ce si\u0119 za\u0107mi\u0142o zas\u0142ona w \u015bwi\u0105tyni rozdar\u0142a si\u0119 przez \u015brodek a Jezus zawo\u0142a\u0142 dono\u015bnym g\u0142osem : \u00a0<strong>\u201eOjcze, w Twoje r\u0119ce powierzam Ducha Mojego\u201d<\/strong>. Po tych s\u0142owach skona\u0142.\u201d<\/p>\n<p>Panie Jezu oddaj\u0105c Ducha Swego w r\u0119ce Ojca otworzy\u0142e\u015b nam drzwi sta\u0142ego dost\u0119pu do nieograniczonego mi\u0142osierdzia Bo\u017cego. Naucz nas czerpa\u0107 ze \u017ar\u00f3d\u0142a Bo\u017cego mi\u0142osierdzia, aby\u015bmy potrafili dzieli\u0107 si\u0119 nim z naszymi siostrami i bra\u0107mi na ziemi.<\/p>\n<p>Pie\u015b\u0144: Dobranoc, grobie \u015bwi\u0119ty, naj\u015bwi\u0119tszego Cia\u0142a,<\/p>\n<p>Kt\u00f3ry Matka Bolesna \u0142zami oblewa\u0142a.<\/p>\n<p>ref:\u00a0 Niech Ci b\u0119dzie cze\u015b\u0107 w wieczno\u015bci,<\/p>\n<p>Za Twe m\u0119ki, zel\u017cywo\u015bci, m\u00f3j Jezu!<\/p>\n<p>&nbsp;<\/p>\n<p style=\"text-align: right;\">Anna i Krzysztof Okurowscy<\/p>\n<p style=\"text-align: right;\">PZC Caritas<\/p>\n","protected":false},"excerpt":{"rendered":"<p>Siedem s\u0142\u00f3w Jezusa na krzy\u017cu Pie\u015b\u0144: Adoramus te Christe benedicimus Tibi , quiam per crucem Tuam redemisti mundum Z Ewangelii \u0141ukasza: \u201eKiedy przyszli na miejsce zwane czaszk\u0105. Ukrzy\u017cowali tam\u00a0 Jego &#8230;<\/p>\n","protected":false},"author":9,"featured_media":2526,"comment_status":"closed","ping_status":"open","sticky":false,"template":"","format":"standard","meta":[],"categories":[10],"tags":[],"_links":{"self":[{"href":"http:\/\/www.mbnp.archidiecezja.wroc.pl\/index.php?rest_route=\/wp\/v2\/posts\/2525"}],"collection":[{"href":"http:\/\/www.mbnp.archidiecezja.wroc.pl\/index.php?rest_route=\/wp\/v2\/posts"}],"about":[{"href":"http:\/\/www.mbnp.archidiecezja.wroc.pl\/index.php?rest_route=\/wp\/v2\/types\/post"}],"author":[{"embeddable":true,"href":"http:\/\/www.mbnp.archidiecezja.wroc.pl\/index.php?rest_route=\/wp\/v2\/users\/9"}],"replies":[{"embeddable":true,"href":"http:\/\/www.mbnp.archidiecezja.wroc.pl\/index.php?rest_route=%2Fwp%2Fv2%2Fcomments&post=2525"}],"version-history":[{"count":2,"href":"http:\/\/www.mbnp.archidiecezja.wroc.pl\/index.php?rest_route=\/wp\/v2\/posts\/2525\/revisions"}],"predecessor-version":[{"id":2531,"href":"http:\/\/www.mbnp.archidiecezja.wroc.pl\/index.php?rest_route=\/wp\/v2\/posts\/2525\/revisions\/2531"}],"wp:featuredmedia":[{"embeddable":true,"href":"http:\/\/www.mbnp.archidiecezja.wroc.pl\/index.php?rest_route=\/wp\/v2\/media\/2526"}],"wp:attachment":[{"href":"http:\/\/www.mbnp.archidiecezja.wroc.pl\/index.php?rest_route=%2Fwp%2Fv2%2Fmedia&parent=2525"}],"wp:term":[{"taxonomy":"category","embeddable":true,"href":"http:\/\/www.mbnp.archidiecezja.wroc.pl\/index.php?rest_route=%2Fwp%2Fv2%2Fcategories&post=2525"},{"taxonomy":"post_tag","embeddable":true,"href":"http:\/\/www.mbnp.archidiecezja.wroc.pl\/index.php?rest_route=%2Fwp%2Fv2%2Ftags&post=2525"}],"curies":[{"name":"wp","href":"https:\/\/api.w.org\/{rel}","templated":true}]}}