{"id":2522,"date":"2017-04-16T09:38:30","date_gmt":"2017-04-16T07:38:30","guid":{"rendered":"http:\/\/www.mbnp.archidiecezja.wroc.pl\/?p=2522"},"modified":"2017-05-16T09:26:42","modified_gmt":"2017-05-16T07:26:42","slug":"triduum-paschalne-wielki-czwartek","status":"publish","type":"post","link":"http:\/\/www.mbnp.archidiecezja.wroc.pl\/?p=2522","title":{"rendered":"TRIDUUM PASCHALNE &#8211; WIELKI CZWARTEK"},"content":{"rendered":"<p style=\"text-align: center;\"><em>Ludu Kap\u0142a\u0144ski, Ludu Kr\u00f3lewski<\/em><\/p>\n<p style=\"text-align: center;\"><em>Zgromadzenie \u015awi\u0119te, Ludu Bo\u017cy<\/em><\/p>\n<p style=\"text-align: center;\"><em>\u015apiewaj twemu Panu<\/em><\/p>\n<p>&nbsp;<\/p>\n<p>&nbsp;<\/p>\n<p>Lud Kap\u0142a\u0144ski, Lud Kr\u00f3lewski, Zgromadzenie \u015awi\u0119te, Lud Bo\u017cy \u2013 to \u00a0o nas, o naszej wsp\u00f3lnocie Czy jednak \u015bpiewaj\u0105c te s\u0142owa na rozpocz\u0119cie Triduum Paschalnego w Wielki Czwartek, wiemy \u00a0co to oznacza by\u0107 ludem Kap\u0142a\u0144skim?<!--more--><\/p>\n<p>Wielki Czwartek przyj\u0119to jako \u015bwi\u0119to kap\u0142an\u00f3w , z okazji ustanowienia kap\u0142a\u0144stwa przez Chrystusa.<\/p>\n<p>W tym dniu rozwa\u017camy Ewangeli\u0119, opisuj\u0105c\u0105 \u00a0obmycie n\u00f3g uczniom przez Chrystusa.<\/p>\n<p>B\u00f3g kl\u0119ka przed cz\u0142owiekiem i myje mu nogi.\u00a0 Przez \u00a0ten znamienity gest, Chrystus w obrz\u0119dzie, kt\u00f3ry nazywamy mandatum ( przykazanie) ustanawia kap\u0142a\u0144stwo. I tak, przewodnicz\u0105cy liturgii ( w naszej parafii \u2013 Ksi\u0105dz Proboszcz) umywa nogi dwunastu m\u0119\u017cczyznom, \u00a0wype\u0142niaj\u0105c przykazanie Jezusa : \u201e Daj\u0119 wam \u00a0nowe przykazanie, aby\u015bcie si\u0119 wzajemnie mi\u0142owali \u201d (J 13,34)<\/p>\n<p>Z tej mi\u0142o\u015bci ma wyp\u0142ywa\u0107 s\u0142u\u017cba drugiemu cz\u0142owiekowi.<\/p>\n<p>Kap\u0142anem jest wi\u0119c \u00a0ka\u017cdy\u00a0 ochrzczony cz\u0142onek ludu Bo\u017cego , kt\u00f3ry <strong>s\u0142u\u017cy cz\u0142owiekowi\u00a0 i kocha go mi\u0142o\u015bci\u0105 Chrystusa<\/strong>. Tak wi\u0119c, to \u015bwi\u0119to wszystkich parafian wype\u0142niaj\u0105cych przykazanie.<\/p>\n<p>Kap\u0142ani nale\u017c\u0105 do Ludu Bo\u017cego, ale wyr\u00f3\u017cnia \u00a0ich \u00a0szczeg\u00f3lnie, pos\u0142uga rozdawania sakrament\u00f3w.<\/p>\n<p>Tak zwani\u00a0 \u015awieccy , czyli\u00a0\u00a0 \u017cyj\u0105cy na \u015bwiecie chrze\u015bcijanie\u00a0 w\u0142\u0105czeni w Chrystusa przez chrzest (DM15) i nie b\u0119d\u0105cy\u00a0 cz\u0142onkami stanu kap\u0142a\u0144skiego i zakonnego, stawszy si\u0119 na sw\u00f3j spos\u00f3b uczestnikami kap\u0142a\u0144skiego, prorockiego i kr\u00f3lewskiego urz\u0119du Chrystusowego, ze swej strony sprawuj\u0105 w\u0142a\u015bciwe ca\u0142emu ludowi chrze\u015bcija\u0144skiemu pos\u0142annictwo w Ko\u015bciele i \u015bwiecie. (KK31)<\/p>\n<p>Jakie zadania mamy do spe\u0142nienia w \u00a0misji Kap\u0142a\u0144skiej Jezusa.<\/p>\n<ol>\n<li>Tworzenie rodziny nazwanej przez Sob\u00f3r Watyka\u0144ski II \u201eKo\u015bcio\u0142em domowym\u201d, w kt\u00f3rym rodzice przy pomocy s\u0142owa i przyk\u0142adu winni by\u0107 dla swoich dzieci <strong>pierwszymi zwiastunami wiary<\/strong><\/li>\n<li>Przyjmowanie sakrament\u00f3w, modlitwa<\/li>\n<li>\u015awiadectwo \u017cycia \u015bwi\u0119tobliwego- nauka, praca i wypoczynek w duchu\u00a0 oddania si\u0119 Bogu<\/li>\n<li>Czynna mi\u0142o\u015b\u0107<\/li>\n<li>Pe\u0142nienie wybranych pos\u0142ug np. s\u0142owa, przewodniczenie modlitwie liturgicznej, udzielanie chrztu, rozdawanie Komunii \u015bwi\u0119tej zgodnie z przepisami prawa (KPK,kan.230,\u00a71.)<\/li>\n<\/ol>\n<p>&nbsp;<\/p>\n<p>S\u0142u\u017cmy ludziom z mi\u0142o\u015bci\u0105, ale te\u017c korzystaj\u0105c z tego specyficznego czasu zadumy i rozwa\u017ca\u0144 zastan\u00f3wmy si\u0119 \u00a0Z jakich nieczysto\u015bci obmyje nas dzisiaj Jezus , jakie brudy zabierze \u00a0na krzy\u017c\u201d<\/p>\n<p>&nbsp;<\/p>\n<p>Prosz\u0119 te\u017c o przyj\u0119cie przez naszych kap\u0142an\u00f3w \u017cycze\u0144, aby b\u0119d\u0105c s\u0142ugami Jezusa Chrystusa pe\u0142nili pos\u0142ug\u0119 Ewangelii tak, aby\u015bmy u\u015bwi\u0119ceni Duchem \u015awi\u0119tym, mogli sk\u0142ada\u0107 samych siebie jako\u00a0 \u201eofiar\u0119 \u017cyw\u0105, \u015bwi\u0119t\u0105, mi\u0142\u0105 Bogu\u201d (Rz 12,1; DK 2)<\/p>\n<p style=\"text-align: right;\">Krzysztof Okurowski<\/p>\n<p style=\"text-align: right;\">PZC Caritas<\/p>\n<p>&nbsp;<\/p>\n<p><em>Bibliografia<\/em><\/p>\n<p><em>Synopsa tekst\u00f3w Soboru Watyka\u0144skiego II Pallottinum, Pozna\u0144 \u2013 Warszawa 1970.<\/em><\/p>\n<p><em>DK- Dekret o pos\u0142udze i \u017cyciu kap\u0142an\u00f3w Presbiterorum ordinis<\/em><\/p>\n<p><em>KPK \u2013 Kodeks Prawa Kanonicznego<\/em><\/p>\n<p><em>KK- Konstytucja Dogmatyczna o Ko\u015bciele Lumen gentium<\/em><\/p>\n<p><em>Konferencja O. Adama Szustaka dla Duszpasterstwa Akademickiego \u201eBeczka\u201d, 2012.<\/em><\/p>\n<p><em>Pismo \u015awi\u0119te Starego i Nowego Testamentu,\u00a0 Towarzystwo \u015awi\u0119tego Paw\u0142a.<\/em><\/p>\n","protected":false},"excerpt":{"rendered":"<p>Ludu Kap\u0142a\u0144ski, Ludu Kr\u00f3lewski Zgromadzenie \u015awi\u0119te, Ludu Bo\u017cy \u015apiewaj twemu Panu &nbsp; &nbsp; Lud Kap\u0142a\u0144ski, Lud Kr\u00f3lewski, Zgromadzenie \u015awi\u0119te, Lud Bo\u017cy \u2013 to \u00a0o nas, o naszej wsp\u00f3lnocie Czy jednak &#8230;<\/p>\n","protected":false},"author":9,"featured_media":2523,"comment_status":"closed","ping_status":"open","sticky":false,"template":"","format":"standard","meta":[],"categories":[10],"tags":[],"_links":{"self":[{"href":"http:\/\/www.mbnp.archidiecezja.wroc.pl\/index.php?rest_route=\/wp\/v2\/posts\/2522"}],"collection":[{"href":"http:\/\/www.mbnp.archidiecezja.wroc.pl\/index.php?rest_route=\/wp\/v2\/posts"}],"about":[{"href":"http:\/\/www.mbnp.archidiecezja.wroc.pl\/index.php?rest_route=\/wp\/v2\/types\/post"}],"author":[{"embeddable":true,"href":"http:\/\/www.mbnp.archidiecezja.wroc.pl\/index.php?rest_route=\/wp\/v2\/users\/9"}],"replies":[{"embeddable":true,"href":"http:\/\/www.mbnp.archidiecezja.wroc.pl\/index.php?rest_route=%2Fwp%2Fv2%2Fcomments&post=2522"}],"version-history":[{"count":2,"href":"http:\/\/www.mbnp.archidiecezja.wroc.pl\/index.php?rest_route=\/wp\/v2\/posts\/2522\/revisions"}],"predecessor-version":[{"id":2532,"href":"http:\/\/www.mbnp.archidiecezja.wroc.pl\/index.php?rest_route=\/wp\/v2\/posts\/2522\/revisions\/2532"}],"wp:featuredmedia":[{"embeddable":true,"href":"http:\/\/www.mbnp.archidiecezja.wroc.pl\/index.php?rest_route=\/wp\/v2\/media\/2523"}],"wp:attachment":[{"href":"http:\/\/www.mbnp.archidiecezja.wroc.pl\/index.php?rest_route=%2Fwp%2Fv2%2Fmedia&parent=2522"}],"wp:term":[{"taxonomy":"category","embeddable":true,"href":"http:\/\/www.mbnp.archidiecezja.wroc.pl\/index.php?rest_route=%2Fwp%2Fv2%2Fcategories&post=2522"},{"taxonomy":"post_tag","embeddable":true,"href":"http:\/\/www.mbnp.archidiecezja.wroc.pl\/index.php?rest_route=%2Fwp%2Fv2%2Ftags&post=2522"}],"curies":[{"name":"wp","href":"https:\/\/api.w.org\/{rel}","templated":true}]}}